{"id":3114,"date":"2023-09-29T16:56:29","date_gmt":"2023-09-29T16:56:29","guid":{"rendered":"https:\/\/segef.pt\/jose-coelho-e-jose-guilherme-dos-ctt-recebem-o-premio-gestor-de-frota-2019-fleet-magazine\/"},"modified":"2023-10-02T17:42:01","modified_gmt":"2023-10-02T17:42:01","slug":"jose-coelho-e-jose-guilherme-dos-ctt-recebem-o-premio-gestor-de-frota-2019-fleet-magazine","status":"publish","type":"post","link":"https:\/\/segef.pt\/en\/jose-coelho-e-jose-guilherme-dos-ctt-recebem-o-premio-gestor-de-frota-2019-fleet-magazine\/","title":{"rendered":"Jos\u00e9 Coelho e Jos\u00e9 Guilherme, dos CTT, recebem o Pr\u00e9mio Gestor de Frota 2019 &#8211; Fleet Magazine"},"content":{"rendered":"<p>&#8220;No passado dia 26 de novembro, aquando da atribui\u00e7\u00e3o dos Pr\u00e9mios Fleet Magazine na\u00a08.\u00aa Confer\u00eancia Gest\u00e3o de Frotas \u2013 Expo &amp; Meeting 2019,\u00a0<strong>Jos\u00e9 Coelho e Jos\u00e9 Guilherme, respons\u00e1veis pela frota dos CTT<\/strong>, venceram o Pr\u00e9mio Gestor de Frota. O vencedor da edi\u00e7\u00e3o 2019 desta categoria, que resulta da avalia\u00e7\u00e3o feita por elementos nomeados por Gestoras de Frota aos projetos submetidos atrav\u00e9s da\u00a0p\u00e1gina dos pr\u00e9mios.<\/p>\n<p>Ao Pr\u00e9mio Gestor de Frota puderam concorrer todos os profissionais com uma a\u00e7\u00e3o continuada ou projeto de gest\u00e3o destinado a conseguir uma gest\u00e3o mais organizada e eficiente da frota, a\u00e7\u00f5es na \u00e1rea da sinistralidade ou de mobilidade dos colaboradores.<\/p>\n<div class=\"code-block code-block-1\">\n<div id=\"sas_59915\"><\/div>\n<\/div>\n<div class=\"td-paragraph-padding-4\">\n<p>Nas palavras do j\u00fari, o vencedor da edi\u00e7\u00e3o 2019 distinguiu-se pela apresenta\u00e7\u00e3o de um dossier de candidatura bastante completo e estruturado, por um projeto inovador, bem elaborado e com a particularidade de poder refletir-se positivamente sobre os utilizadores das viaturas, algo que \u00e9 considerado de extrema import\u00e2ncia para o engajamento de todos os intervenientes.&#8221;<\/p>\n<\/div>\n<p>Saiba mais: <a href=\"https:\/\/fleetmagazine.pt\/jose-coelho-e-jose-guilherme-dos-ctt-recebem-o-premio-gestor-de-frota-2019\/\" target=\"_blank\" rel=\"noopener\">https:\/\/fleetmagazine.pt\/jose-coelho-e-jose-guilherme-dos-ctt-recebem-o-premio-gestor-de-frota-2019\/<\/a><\/p>\n","protected":false},"excerpt":{"rendered":"<p>&#8220;No passado dia 26 de novembro, aquando da atribui\u00e7\u00e3o dos Pr\u00e9mios Fleet Magazine na\u00a08.\u00aa Confer\u00eancia Gest\u00e3o de Frotas \u2013 Expo&hellip;<\/p>\n","protected":false},"author":2,"featured_media":3112,"comment_status":"open","ping_status":"open","sticky":false,"template":"","format":"standard","meta":{"footnotes":""},"categories":[1,34],"tags":[],"acf":[],"yoast_head":"<!-- This site is optimized with the Yoast SEO plugin v21.5 - https:\/\/yoast.com\/wordpress\/plugins\/seo\/ -->\n<title>Jos\u00e9 Coelho e Jos\u00e9 Guilherme, dos CTT, recebem o Pr\u00e9mio Gestor de Frota 2019 - Fleet Magazine - Segef - SEGURAN\u00c7A GEST\u00c3O E EFICI\u00caNCIA, SOCIEDADE UNIPESSOAL LDA<\/title>\n<meta name=\"robots\" content=\"index, follow, max-snippet:-1, max-image-preview:large, max-video-preview:-1\" \/>\n<link rel=\"canonical\" href=\"https:\/\/segef.pt\/en\/jose-coelho-e-jose-guilherme-dos-ctt-recebem-o-premio-gestor-de-frota-2019-fleet-magazine\/\" \/>\n<meta property=\"og:locale\" content=\"en_US\" \/>\n<meta property=\"og:type\" content=\"article\" \/>\n<meta property=\"og:title\" content=\"Jos\u00e9 Coelho e Jos\u00e9 Guilherme, dos CTT, recebem o Pr\u00e9mio Gestor de Frota 2019 - Fleet Magazine - Segef - SEGURAN\u00c7A GEST\u00c3O E EFICI\u00caNCIA, SOCIEDADE UNIPESSOAL LDA\" \/>\n<meta property=\"og:description\" content=\"&#8220;No passado dia 26 de novembro, aquando da atribui\u00e7\u00e3o dos Pr\u00e9mios Fleet Magazine na\u00a08.\u00aa Confer\u00eancia Gest\u00e3o de Frotas \u2013 Expo&hellip;\" \/>\n<meta property=\"og:url\" content=\"https:\/\/segef.pt\/en\/jose-coelho-e-jose-guilherme-dos-ctt-recebem-o-premio-gestor-de-frota-2019-fleet-magazine\/\" \/>\n<meta property=\"og:site_name\" content=\"Segef - SEGURAN\u00c7A GEST\u00c3O E EFICI\u00caNCIA, SOCIEDADE UNIPESSOAL LDA\" \/>\n<meta property=\"article:published_time\" content=\"2023-09-29T16:56:29+00:00\" \/>\n<meta property=\"article:modified_time\" content=\"2023-10-02T17:42:01+00:00\" \/>\n<meta property=\"og:image\" content=\"https:\/\/segef.pt\/wp-content\/uploads\/2023\/09\/o52a2938.jpg\" \/>\n\t<meta property=\"og:image:width\" content=\"1224\" \/>\n\t<meta property=\"og:image:height\" content=\"816\" \/>\n\t<meta property=\"og:image:type\" content=\"image\/jpeg\" \/>\n<meta name=\"author\" content=\"Jos\u00e9 Guilherme\" \/>\n<meta name=\"twitter:card\" content=\"summary_large_image\" \/>\n<meta name=\"twitter:label1\" content=\"Written by\" \/>\n\t<meta name=\"twitter:data1\" content=\"Jos\u00e9 Guilherme\" \/>\n\t<meta name=\"twitter:label2\" content=\"Est. reading time\" \/>\n\t<meta name=\"twitter:data2\" content=\"1 minute\" \/>\n<script type=\"application\/ld+json\" class=\"yoast-schema-graph\">{\"@context\":\"https:\/\/schema.org\",\"@graph\":[{\"@type\":\"WebPage\",\"@id\":\"https:\/\/segef.pt\/en\/jose-coelho-e-jose-guilherme-dos-ctt-recebem-o-premio-gestor-de-frota-2019-fleet-magazine\/\",\"url\":\"https:\/\/segef.pt\/en\/jose-coelho-e-jose-guilherme-dos-ctt-recebem-o-premio-gestor-de-frota-2019-fleet-magazine\/\",\"name\":\"Jos\u00e9 Coelho e Jos\u00e9 Guilherme, dos CTT, recebem o Pr\u00e9mio Gestor de Frota 2019 - Fleet Magazine - Segef - SEGURAN\u00c7A GEST\u00c3O E EFICI\u00caNCIA, SOCIEDADE UNIPESSOAL LDA\",\"isPartOf\":{\"@id\":\"https:\/\/segef.pt\/#website\"},\"datePublished\":\"2023-09-29T16:56:29+00:00\",\"dateModified\":\"2023-10-02T17:42:01+00:00\",\"author\":{\"@id\":\"https:\/\/segef.pt\/#\/schema\/person\/9a25f98a68d6de6fc804a42bd5fbaaad\"},\"breadcrumb\":{\"@id\":\"https:\/\/segef.pt\/en\/jose-coelho-e-jose-guilherme-dos-ctt-recebem-o-premio-gestor-de-frota-2019-fleet-magazine\/#breadcrumb\"},\"inLanguage\":\"en-US\",\"potentialAction\":[{\"@type\":\"ReadAction\",\"target\":[\"https:\/\/segef.pt\/en\/jose-coelho-e-jose-guilherme-dos-ctt-recebem-o-premio-gestor-de-frota-2019-fleet-magazine\/\"]}]},{\"@type\":\"BreadcrumbList\",\"@id\":\"https:\/\/segef.pt\/en\/jose-coelho-e-jose-guilherme-dos-ctt-recebem-o-premio-gestor-de-frota-2019-fleet-magazine\/#breadcrumb\",\"itemListElement\":[{\"@type\":\"ListItem\",\"position\":1,\"name\":\"Home\",\"item\":\"https:\/\/segef.pt\/en\/\"},{\"@type\":\"ListItem\",\"position\":2,\"name\":\"Jos\u00e9 Coelho e Jos\u00e9 Guilherme, dos CTT, recebem o Pr\u00e9mio Gestor de Frota 2019 &#8211; Fleet Magazine\"}]},{\"@type\":\"WebSite\",\"@id\":\"https:\/\/segef.pt\/#website\",\"url\":\"https:\/\/segef.pt\/\",\"name\":\"Segef - SEGURAN\u00c7A GEST\u00c3O E EFICI\u00caNCIA, SOCIEDADE UNIPESSOAL LDA\",\"description\":\"\",\"potentialAction\":[{\"@type\":\"SearchAction\",\"target\":{\"@type\":\"EntryPoint\",\"urlTemplate\":\"https:\/\/segef.pt\/?s={search_term_string}\"},\"query-input\":\"required name=search_term_string\"}],\"inLanguage\":\"en-US\"},{\"@type\":\"Person\",\"@id\":\"https:\/\/segef.pt\/#\/schema\/person\/9a25f98a68d6de6fc804a42bd5fbaaad\",\"name\":\"Jos\u00e9 Guilherme\",\"image\":{\"@type\":\"ImageObject\",\"inLanguage\":\"en-US\",\"@id\":\"https:\/\/segef.pt\/#\/schema\/person\/image\/\",\"url\":\"https:\/\/secure.gravatar.com\/avatar\/9016c1bf5b271611aa1f19007dd94553?s=96&d=mm&r=g\",\"contentUrl\":\"https:\/\/secure.gravatar.com\/avatar\/9016c1bf5b271611aa1f19007dd94553?s=96&d=mm&r=g\",\"caption\":\"Jos\u00e9 Guilherme\"},\"url\":\"https:\/\/segef.pt\/en\/author\/user\/\"}]}<\/script>\n<!-- \/ Yoast SEO plugin. -->","yoast_head_json":{"title":"Jos\u00e9 Coelho e Jos\u00e9 Guilherme, dos CTT, recebem o Pr\u00e9mio Gestor de Frota 2019 - Fleet Magazine - Segef - SEGURAN\u00c7A GEST\u00c3O E EFICI\u00caNCIA, SOCIEDADE UNIPESSOAL LDA","robots":{"index":"index","follow":"follow","max-snippet":"max-snippet:-1","max-image-preview":"max-image-preview:large","max-video-preview":"max-video-preview:-1"},"canonical":"https:\/\/segef.pt\/en\/jose-coelho-e-jose-guilherme-dos-ctt-recebem-o-premio-gestor-de-frota-2019-fleet-magazine\/","og_locale":"en_US","og_type":"article","og_title":"Jos\u00e9 Coelho e Jos\u00e9 Guilherme, dos CTT, recebem o Pr\u00e9mio Gestor de Frota 2019 - Fleet Magazine - Segef - SEGURAN\u00c7A GEST\u00c3O E EFICI\u00caNCIA, SOCIEDADE UNIPESSOAL LDA","og_description":"&#8220;No passado dia 26 de novembro, aquando da atribui\u00e7\u00e3o dos Pr\u00e9mios Fleet Magazine na\u00a08.\u00aa Confer\u00eancia Gest\u00e3o de Frotas \u2013 Expo&hellip;","og_url":"https:\/\/segef.pt\/en\/jose-coelho-e-jose-guilherme-dos-ctt-recebem-o-premio-gestor-de-frota-2019-fleet-magazine\/","og_site_name":"Segef - SEGURAN\u00c7A GEST\u00c3O E EFICI\u00caNCIA, SOCIEDADE UNIPESSOAL LDA","article_published_time":"2023-09-29T16:56:29+00:00","article_modified_time":"2023-10-02T17:42:01+00:00","og_image":[{"width":1224,"height":816,"url":"https:\/\/segef.pt\/wp-content\/uploads\/2023\/09\/o52a2938.jpg","type":"image\/jpeg"}],"author":"Jos\u00e9 Guilherme","twitter_card":"summary_large_image","twitter_misc":{"Written by":"Jos\u00e9 Guilherme","Est. reading time":"1 minute"},"schema":{"@context":"https:\/\/schema.org","@graph":[{"@type":"WebPage","@id":"https:\/\/segef.pt\/en\/jose-coelho-e-jose-guilherme-dos-ctt-recebem-o-premio-gestor-de-frota-2019-fleet-magazine\/","url":"https:\/\/segef.pt\/en\/jose-coelho-e-jose-guilherme-dos-ctt-recebem-o-premio-gestor-de-frota-2019-fleet-magazine\/","name":"Jos\u00e9 Coelho e Jos\u00e9 Guilherme, dos CTT, recebem o Pr\u00e9mio Gestor de Frota 2019 - Fleet Magazine - Segef - SEGURAN\u00c7A GEST\u00c3O E EFICI\u00caNCIA, SOCIEDADE UNIPESSOAL LDA","isPartOf":{"@id":"https:\/\/segef.pt\/#website"},"datePublished":"2023-09-29T16:56:29+00:00","dateModified":"2023-10-02T17:42:01+00:00","author":{"@id":"https:\/\/segef.pt\/#\/schema\/person\/9a25f98a68d6de6fc804a42bd5fbaaad"},"breadcrumb":{"@id":"https:\/\/segef.pt\/en\/jose-coelho-e-jose-guilherme-dos-ctt-recebem-o-premio-gestor-de-frota-2019-fleet-magazine\/#breadcrumb"},"inLanguage":"en-US","potentialAction":[{"@type":"ReadAction","target":["https:\/\/segef.pt\/en\/jose-coelho-e-jose-guilherme-dos-ctt-recebem-o-premio-gestor-de-frota-2019-fleet-magazine\/"]}]},{"@type":"BreadcrumbList","@id":"https:\/\/segef.pt\/en\/jose-coelho-e-jose-guilherme-dos-ctt-recebem-o-premio-gestor-de-frota-2019-fleet-magazine\/#breadcrumb","itemListElement":[{"@type":"ListItem","position":1,"name":"Home","item":"https:\/\/segef.pt\/en\/"},{"@type":"ListItem","position":2,"name":"Jos\u00e9 Coelho e Jos\u00e9 Guilherme, dos CTT, recebem o Pr\u00e9mio Gestor de Frota 2019 &#8211; Fleet Magazine"}]},{"@type":"WebSite","@id":"https:\/\/segef.pt\/#website","url":"https:\/\/segef.pt\/","name":"Segef - SEGURAN\u00c7A GEST\u00c3O E EFICI\u00caNCIA, SOCIEDADE UNIPESSOAL LDA","description":"","potentialAction":[{"@type":"SearchAction","target":{"@type":"EntryPoint","urlTemplate":"https:\/\/segef.pt\/?s={search_term_string}"},"query-input":"required name=search_term_string"}],"inLanguage":"en-US"},{"@type":"Person","@id":"https:\/\/segef.pt\/#\/schema\/person\/9a25f98a68d6de6fc804a42bd5fbaaad","name":"Jos\u00e9 Guilherme","image":{"@type":"ImageObject","inLanguage":"en-US","@id":"https:\/\/segef.pt\/#\/schema\/person\/image\/","url":"https:\/\/secure.gravatar.com\/avatar\/9016c1bf5b271611aa1f19007dd94553?s=96&d=mm&r=g","contentUrl":"https:\/\/secure.gravatar.com\/avatar\/9016c1bf5b271611aa1f19007dd94553?s=96&d=mm&r=g","caption":"Jos\u00e9 Guilherme"},"url":"https:\/\/segef.pt\/en\/author\/user\/"}]}},"_links":{"self":[{"href":"https:\/\/segef.pt\/en\/wp-json\/wp\/v2\/posts\/3114"}],"collection":[{"href":"https:\/\/segef.pt\/en\/wp-json\/wp\/v2\/posts"}],"about":[{"href":"https:\/\/segef.pt\/en\/wp-json\/wp\/v2\/types\/post"}],"author":[{"embeddable":true,"href":"https:\/\/segef.pt\/en\/wp-json\/wp\/v2\/users\/2"}],"replies":[{"embeddable":true,"href":"https:\/\/segef.pt\/en\/wp-json\/wp\/v2\/comments?post=3114"}],"version-history":[{"count":1,"href":"https:\/\/segef.pt\/en\/wp-json\/wp\/v2\/posts\/3114\/revisions"}],"predecessor-version":[{"id":3144,"href":"https:\/\/segef.pt\/en\/wp-json\/wp\/v2\/posts\/3114\/revisions\/3144"}],"wp:featuredmedia":[{"embeddable":true,"href":"https:\/\/segef.pt\/en\/wp-json\/wp\/v2\/media\/3112"}],"wp:attachment":[{"href":"https:\/\/segef.pt\/en\/wp-json\/wp\/v2\/media?parent=3114"}],"wp:term":[{"taxonomy":"category","embeddable":true,"href":"https:\/\/segef.pt\/en\/wp-json\/wp\/v2\/categories?post=3114"},{"taxonomy":"post_tag","embeddable":true,"href":"https:\/\/segef.pt\/en\/wp-json\/wp\/v2\/tags?post=3114"}],"curies":[{"name":"wp","href":"https:\/\/api.w.org\/{rel}","templated":true}]}}