{"id":3124,"date":"2023-09-29T17:03:20","date_gmt":"2023-09-29T17:03:20","guid":{"rendered":"https:\/\/segef.pt\/presentation-for-ersc-webinar-on-work-related-road-safety-jose-guilherme-24-november-2017-european-road-safety-charter\/"},"modified":"2023-10-02T17:43:37","modified_gmt":"2023-10-02T17:43:37","slug":"presentation-for-ersc-webinar-on-work-related-road-safety-jose-guilherme-24-november-2017-european-road-safety-charter","status":"publish","type":"post","link":"https:\/\/segef.pt\/en\/presentation-for-ersc-webinar-on-work-related-road-safety-jose-guilherme-24-november-2017-european-road-safety-charter\/","title":{"rendered":"Presentation for ERSC Webinar on work-related road safety &#8211; Jos\u00e9 Guilherme &#8211; 24 November 2017 | European Road Safety Charter"},"content":{"rendered":"<p>Link: <a href=\"https:\/\/road-safety-charter.ec.europa.eu\/resources-knowledge\/open-library\/presentation-ersc-webinar-work-related-road-safety-jose-guilherme\" target=\"_blank\" rel=\"noopener\">https:\/\/road-safety-charter.ec.europa.eu\/resources-knowledge\/open-library\/presentation-ersc-webinar-work-related-road-safety-jose-guilherme<\/a><\/p>\n","protected":false},"excerpt":{"rendered":"<p>Link: https:\/\/road-safety-charter.ec.europa.eu\/resources-knowledge\/open-library\/presentation-ersc-webinar-work-related-road-safety-jose-guilherme<\/p>\n","protected":false},"author":2,"featured_media":3122,"comment_status":"open","ping_status":"open","sticky":false,"template":"","format":"standard","meta":{"footnotes":""},"categories":[1,34],"tags":[],"acf":[],"yoast_head":"<!-- This site is optimized with the Yoast SEO plugin v21.5 - https:\/\/yoast.com\/wordpress\/plugins\/seo\/ -->\n<title>Presentation for ERSC Webinar on work-related road safety - Jos\u00e9 Guilherme - 24 November 2017 | European Road Safety Charter - Segef - SEGURAN\u00c7A GEST\u00c3O E EFICI\u00caNCIA, SOCIEDADE UNIPESSOAL LDA<\/title>\n<meta name=\"robots\" content=\"index, follow, max-snippet:-1, max-image-preview:large, max-video-preview:-1\" \/>\n<link rel=\"canonical\" href=\"https:\/\/segef.pt\/en\/presentation-for-ersc-webinar-on-work-related-road-safety-jose-guilherme-24-november-2017-european-road-safety-charter\/\" \/>\n<meta property=\"og:locale\" content=\"en_US\" \/>\n<meta property=\"og:type\" content=\"article\" \/>\n<meta property=\"og:title\" content=\"Presentation for ERSC Webinar on work-related road safety - Jos\u00e9 Guilherme - 24 November 2017 | European Road Safety Charter - Segef - SEGURAN\u00c7A GEST\u00c3O E EFICI\u00caNCIA, SOCIEDADE UNIPESSOAL LDA\" \/>\n<meta property=\"og:description\" content=\"Link: https:\/\/road-safety-charter.ec.europa.eu\/resources-knowledge\/open-library\/presentation-ersc-webinar-work-related-road-safety-jose-guilherme\" \/>\n<meta property=\"og:url\" content=\"https:\/\/segef.pt\/en\/presentation-for-ersc-webinar-on-work-related-road-safety-jose-guilherme-24-november-2017-european-road-safety-charter\/\" \/>\n<meta property=\"og:site_name\" content=\"Segef - SEGURAN\u00c7A GEST\u00c3O E EFICI\u00caNCIA, SOCIEDADE UNIPESSOAL LDA\" \/>\n<meta property=\"article:published_time\" content=\"2023-09-29T17:03:20+00:00\" \/>\n<meta property=\"article:modified_time\" content=\"2023-10-02T17:43:37+00:00\" \/>\n<meta property=\"og:image\" content=\"https:\/\/segef.pt\/wp-content\/uploads\/2023\/09\/road-mountain-valley-sunny-morning-dolomites-italy-view-with-asphalt-roadway-meadows-with-green-grass-mountains-blue-sky-with-clouds-sun-highway-fields-trip-europe-travel-scaled.jpg\" \/>\n\t<meta property=\"og:image:width\" content=\"2560\" \/>\n\t<meta property=\"og:image:height\" content=\"1808\" \/>\n\t<meta property=\"og:image:type\" content=\"image\/jpeg\" \/>\n<meta name=\"author\" content=\"Jos\u00e9 Guilherme\" \/>\n<meta name=\"twitter:card\" content=\"summary_large_image\" \/>\n<meta name=\"twitter:label1\" content=\"Written by\" \/>\n\t<meta name=\"twitter:data1\" content=\"Jos\u00e9 Guilherme\" \/>\n\t<meta name=\"twitter:label2\" content=\"Est. reading time\" \/>\n\t<meta name=\"twitter:data2\" content=\"1 minute\" \/>\n<script type=\"application\/ld+json\" class=\"yoast-schema-graph\">{\"@context\":\"https:\/\/schema.org\",\"@graph\":[{\"@type\":\"WebPage\",\"@id\":\"https:\/\/segef.pt\/en\/presentation-for-ersc-webinar-on-work-related-road-safety-jose-guilherme-24-november-2017-european-road-safety-charter\/\",\"url\":\"https:\/\/segef.pt\/en\/presentation-for-ersc-webinar-on-work-related-road-safety-jose-guilherme-24-november-2017-european-road-safety-charter\/\",\"name\":\"Presentation for ERSC Webinar on work-related road safety - Jos\u00e9 Guilherme - 24 November 2017 | European Road Safety Charter - Segef - SEGURAN\u00c7A GEST\u00c3O E EFICI\u00caNCIA, SOCIEDADE UNIPESSOAL LDA\",\"isPartOf\":{\"@id\":\"https:\/\/segef.pt\/#website\"},\"datePublished\":\"2023-09-29T17:03:20+00:00\",\"dateModified\":\"2023-10-02T17:43:37+00:00\",\"author\":{\"@id\":\"https:\/\/segef.pt\/#\/schema\/person\/9a25f98a68d6de6fc804a42bd5fbaaad\"},\"breadcrumb\":{\"@id\":\"https:\/\/segef.pt\/en\/presentation-for-ersc-webinar-on-work-related-road-safety-jose-guilherme-24-november-2017-european-road-safety-charter\/#breadcrumb\"},\"inLanguage\":\"en-US\",\"potentialAction\":[{\"@type\":\"ReadAction\",\"target\":[\"https:\/\/segef.pt\/en\/presentation-for-ersc-webinar-on-work-related-road-safety-jose-guilherme-24-november-2017-european-road-safety-charter\/\"]}]},{\"@type\":\"BreadcrumbList\",\"@id\":\"https:\/\/segef.pt\/en\/presentation-for-ersc-webinar-on-work-related-road-safety-jose-guilherme-24-november-2017-european-road-safety-charter\/#breadcrumb\",\"itemListElement\":[{\"@type\":\"ListItem\",\"position\":1,\"name\":\"Home\",\"item\":\"https:\/\/segef.pt\/en\/\"},{\"@type\":\"ListItem\",\"position\":2,\"name\":\"Presentation for ERSC Webinar on work-related road safety &#8211; Jos\u00e9 Guilherme &#8211; 24 November 2017 | European Road Safety Charter\"}]},{\"@type\":\"WebSite\",\"@id\":\"https:\/\/segef.pt\/#website\",\"url\":\"https:\/\/segef.pt\/\",\"name\":\"Segef - SEGURAN\u00c7A GEST\u00c3O E EFICI\u00caNCIA, SOCIEDADE UNIPESSOAL LDA\",\"description\":\"\",\"potentialAction\":[{\"@type\":\"SearchAction\",\"target\":{\"@type\":\"EntryPoint\",\"urlTemplate\":\"https:\/\/segef.pt\/?s={search_term_string}\"},\"query-input\":\"required name=search_term_string\"}],\"inLanguage\":\"en-US\"},{\"@type\":\"Person\",\"@id\":\"https:\/\/segef.pt\/#\/schema\/person\/9a25f98a68d6de6fc804a42bd5fbaaad\",\"name\":\"Jos\u00e9 Guilherme\",\"image\":{\"@type\":\"ImageObject\",\"inLanguage\":\"en-US\",\"@id\":\"https:\/\/segef.pt\/#\/schema\/person\/image\/\",\"url\":\"https:\/\/secure.gravatar.com\/avatar\/9016c1bf5b271611aa1f19007dd94553?s=96&d=mm&r=g\",\"contentUrl\":\"https:\/\/secure.gravatar.com\/avatar\/9016c1bf5b271611aa1f19007dd94553?s=96&d=mm&r=g\",\"caption\":\"Jos\u00e9 Guilherme\"},\"url\":\"https:\/\/segef.pt\/en\/author\/user\/\"}]}<\/script>\n<!-- \/ Yoast SEO plugin. -->","yoast_head_json":{"title":"Presentation for ERSC Webinar on work-related road safety - Jos\u00e9 Guilherme - 24 November 2017 | European Road Safety Charter - Segef - SEGURAN\u00c7A GEST\u00c3O E EFICI\u00caNCIA, SOCIEDADE UNIPESSOAL LDA","robots":{"index":"index","follow":"follow","max-snippet":"max-snippet:-1","max-image-preview":"max-image-preview:large","max-video-preview":"max-video-preview:-1"},"canonical":"https:\/\/segef.pt\/en\/presentation-for-ersc-webinar-on-work-related-road-safety-jose-guilherme-24-november-2017-european-road-safety-charter\/","og_locale":"en_US","og_type":"article","og_title":"Presentation for ERSC Webinar on work-related road safety - Jos\u00e9 Guilherme - 24 November 2017 | European Road Safety Charter - Segef - SEGURAN\u00c7A GEST\u00c3O E EFICI\u00caNCIA, SOCIEDADE UNIPESSOAL LDA","og_description":"Link: https:\/\/road-safety-charter.ec.europa.eu\/resources-knowledge\/open-library\/presentation-ersc-webinar-work-related-road-safety-jose-guilherme","og_url":"https:\/\/segef.pt\/en\/presentation-for-ersc-webinar-on-work-related-road-safety-jose-guilherme-24-november-2017-european-road-safety-charter\/","og_site_name":"Segef - SEGURAN\u00c7A GEST\u00c3O E EFICI\u00caNCIA, SOCIEDADE UNIPESSOAL LDA","article_published_time":"2023-09-29T17:03:20+00:00","article_modified_time":"2023-10-02T17:43:37+00:00","og_image":[{"width":2560,"height":1808,"url":"https:\/\/segef.pt\/wp-content\/uploads\/2023\/09\/road-mountain-valley-sunny-morning-dolomites-italy-view-with-asphalt-roadway-meadows-with-green-grass-mountains-blue-sky-with-clouds-sun-highway-fields-trip-europe-travel-scaled.jpg","type":"image\/jpeg"}],"author":"Jos\u00e9 Guilherme","twitter_card":"summary_large_image","twitter_misc":{"Written by":"Jos\u00e9 Guilherme","Est. reading time":"1 minute"},"schema":{"@context":"https:\/\/schema.org","@graph":[{"@type":"WebPage","@id":"https:\/\/segef.pt\/en\/presentation-for-ersc-webinar-on-work-related-road-safety-jose-guilherme-24-november-2017-european-road-safety-charter\/","url":"https:\/\/segef.pt\/en\/presentation-for-ersc-webinar-on-work-related-road-safety-jose-guilherme-24-november-2017-european-road-safety-charter\/","name":"Presentation for ERSC Webinar on work-related road safety - Jos\u00e9 Guilherme - 24 November 2017 | European Road Safety Charter - Segef - SEGURAN\u00c7A GEST\u00c3O E EFICI\u00caNCIA, SOCIEDADE UNIPESSOAL LDA","isPartOf":{"@id":"https:\/\/segef.pt\/#website"},"datePublished":"2023-09-29T17:03:20+00:00","dateModified":"2023-10-02T17:43:37+00:00","author":{"@id":"https:\/\/segef.pt\/#\/schema\/person\/9a25f98a68d6de6fc804a42bd5fbaaad"},"breadcrumb":{"@id":"https:\/\/segef.pt\/en\/presentation-for-ersc-webinar-on-work-related-road-safety-jose-guilherme-24-november-2017-european-road-safety-charter\/#breadcrumb"},"inLanguage":"en-US","potentialAction":[{"@type":"ReadAction","target":["https:\/\/segef.pt\/en\/presentation-for-ersc-webinar-on-work-related-road-safety-jose-guilherme-24-november-2017-european-road-safety-charter\/"]}]},{"@type":"BreadcrumbList","@id":"https:\/\/segef.pt\/en\/presentation-for-ersc-webinar-on-work-related-road-safety-jose-guilherme-24-november-2017-european-road-safety-charter\/#breadcrumb","itemListElement":[{"@type":"ListItem","position":1,"name":"Home","item":"https:\/\/segef.pt\/en\/"},{"@type":"ListItem","position":2,"name":"Presentation for ERSC Webinar on work-related road safety &#8211; Jos\u00e9 Guilherme &#8211; 24 November 2017 | European Road Safety Charter"}]},{"@type":"WebSite","@id":"https:\/\/segef.pt\/#website","url":"https:\/\/segef.pt\/","name":"Segef - SEGURAN\u00c7A GEST\u00c3O E EFICI\u00caNCIA, SOCIEDADE UNIPESSOAL LDA","description":"","potentialAction":[{"@type":"SearchAction","target":{"@type":"EntryPoint","urlTemplate":"https:\/\/segef.pt\/?s={search_term_string}"},"query-input":"required name=search_term_string"}],"inLanguage":"en-US"},{"@type":"Person","@id":"https:\/\/segef.pt\/#\/schema\/person\/9a25f98a68d6de6fc804a42bd5fbaaad","name":"Jos\u00e9 Guilherme","image":{"@type":"ImageObject","inLanguage":"en-US","@id":"https:\/\/segef.pt\/#\/schema\/person\/image\/","url":"https:\/\/secure.gravatar.com\/avatar\/9016c1bf5b271611aa1f19007dd94553?s=96&d=mm&r=g","contentUrl":"https:\/\/secure.gravatar.com\/avatar\/9016c1bf5b271611aa1f19007dd94553?s=96&d=mm&r=g","caption":"Jos\u00e9 Guilherme"},"url":"https:\/\/segef.pt\/en\/author\/user\/"}]}},"_links":{"self":[{"href":"https:\/\/segef.pt\/en\/wp-json\/wp\/v2\/posts\/3124"}],"collection":[{"href":"https:\/\/segef.pt\/en\/wp-json\/wp\/v2\/posts"}],"about":[{"href":"https:\/\/segef.pt\/en\/wp-json\/wp\/v2\/types\/post"}],"author":[{"embeddable":true,"href":"https:\/\/segef.pt\/en\/wp-json\/wp\/v2\/users\/2"}],"replies":[{"embeddable":true,"href":"https:\/\/segef.pt\/en\/wp-json\/wp\/v2\/comments?post=3124"}],"version-history":[{"count":1,"href":"https:\/\/segef.pt\/en\/wp-json\/wp\/v2\/posts\/3124\/revisions"}],"predecessor-version":[{"id":3317,"href":"https:\/\/segef.pt\/en\/wp-json\/wp\/v2\/posts\/3124\/revisions\/3317"}],"wp:featuredmedia":[{"embeddable":true,"href":"https:\/\/segef.pt\/en\/wp-json\/wp\/v2\/media\/3122"}],"wp:attachment":[{"href":"https:\/\/segef.pt\/en\/wp-json\/wp\/v2\/media?parent=3124"}],"wp:term":[{"taxonomy":"category","embeddable":true,"href":"https:\/\/segef.pt\/en\/wp-json\/wp\/v2\/categories?post=3124"},{"taxonomy":"post_tag","embeddable":true,"href":"https:\/\/segef.pt\/en\/wp-json\/wp\/v2\/tags?post=3124"}],"curies":[{"name":"wp","href":"https:\/\/api.w.org\/{rel}","templated":true}]}}