{"id":3164,"date":"2023-09-29T17:18:18","date_gmt":"2023-09-29T17:18:18","guid":{"rendered":"https:\/\/segef.pt\/ctt-ganham-premio-europeu-de-prevencao-rodoviaria\/"},"modified":"2023-10-02T17:51:29","modified_gmt":"2023-10-02T17:51:29","slug":"ctt-ganham-premio-europeu-de-prevencao-rodoviaria","status":"publish","type":"post","link":"https:\/\/segef.pt\/en\/ctt-ganham-premio-europeu-de-prevencao-rodoviaria\/","title":{"rendered":"CTT ganham pr\u00e9mio europeu de preven\u00e7\u00e3o rodovi\u00e1ria"},"content":{"rendered":"<p>&#8220;A empresa CTT Correios de Portugal foi hoje uma das distinguidas com os &#8220;Pr\u00e9mios de Excel\u00eancia de Seguran\u00e7a Rodovi\u00e1ria 2017&#8221;, atribu\u00eddos pela Comiss\u00e3o Europeia, pelo seu programa para aumentar a consciencializa\u00e7\u00e3o dos riscos nas estradas e como preveni-los.<\/p>\n<p>Os cinco vencedores, hoje apresentados numa cerim\u00f3nia em Bucareste, foram os CTT, o Autom\u00f3vel Clube da Rom\u00e9nia, a Associa\u00e7\u00e3o Sueca de Motoristas Abstinentes, o Grupo Heracles da Gr\u00e9cia e a cidade francesa de Martigues.<\/p>\n<p>A empresa CTT Correios de Portugal foi hoje uma das distinguidas com os &#8220;Pr\u00e9mios de Excel\u00eancia de Seguran\u00e7a Rodovi\u00e1ria 2017&#8221;, atribu\u00eddos pela Comiss\u00e3o Europeia, pelo seu programa para aumentar a consciencializa\u00e7\u00e3o dos riscos nas estradas e como preveni-los.<\/p>\n<p>Os cinco vencedores, hoje apresentados numa cerim\u00f3nia em Bucareste, foram os CTT, o Autom\u00f3vel Clube da Rom\u00e9nia, a Associa\u00e7\u00e3o Sueca de Motoristas Abstinentes, o Grupo Heracles da Gr\u00e9cia e a cidade francesa de Martigues.<\/p>\n<p>Em comunicado divulgado em Bruxelas, a Comiss\u00e3o Europeia aponta que os CTT, &#8220;uma empresa estatal com uma frota de grandes dimens\u00f5es e milhares de condutores, iniciou um programa de seguran\u00e7a rodovi\u00e1ria muito compreensivo para aumentar a consciencializa\u00e7\u00e3o dos riscos nas estradas e como preveni-los&#8221;.<\/p>\n<p>Apontando que &#8220;o programa abrange um grande n\u00famero de \u00e1reas, desde a seguran\u00e7a dos ve\u00edculos ao recrutamento e treino dos condutores, assim como investiga\u00e7\u00f5es a acidentes&#8221;, o executivo comunit\u00e1rio indica que os CTT foram galardoados &#8220;pela natureza compreensiva e pela efic\u00e1cia da sua seguran\u00e7a rodovi\u00e1ria preventiva&#8221;.&#8221;<\/p>\n<p>Saiba mais: <a href=\"https:\/\/www.jornaldenegocios.pt\/empresas\/transportes\/detalhe\/ctt-ganham-premio-europeu-de-prevencao-rodoviaria\" target=\"_blank\" rel=\"noopener\">https:\/\/www.jornaldenegocios.pt\/empresas\/transportes\/detalhe\/ctt-ganham-premio-europeu-de-prevencao-rodoviaria<\/a><\/p>\n","protected":false},"excerpt":{"rendered":"<p>&#8220;A empresa CTT Correios de Portugal foi hoje uma das distinguidas com os &#8220;Pr\u00e9mios de Excel\u00eancia de Seguran\u00e7a Rodovi\u00e1ria 2017&#8221;,&hellip;<\/p>\n","protected":false},"author":2,"featured_media":3162,"comment_status":"open","ping_status":"open","sticky":false,"template":"","format":"standard","meta":{"footnotes":""},"categories":[1,34],"tags":[],"acf":[],"yoast_head":"<!-- This site is optimized with the Yoast SEO plugin v21.5 - https:\/\/yoast.com\/wordpress\/plugins\/seo\/ -->\n<title>CTT ganham pr\u00e9mio europeu de preven\u00e7\u00e3o rodovi\u00e1ria - Segef - SEGURAN\u00c7A GEST\u00c3O E EFICI\u00caNCIA, SOCIEDADE UNIPESSOAL LDA<\/title>\n<meta name=\"robots\" content=\"index, follow, max-snippet:-1, max-image-preview:large, max-video-preview:-1\" \/>\n<link rel=\"canonical\" href=\"https:\/\/segef.pt\/en\/ctt-ganham-premio-europeu-de-prevencao-rodoviaria\/\" \/>\n<meta property=\"og:locale\" content=\"en_US\" \/>\n<meta property=\"og:type\" content=\"article\" \/>\n<meta property=\"og:title\" content=\"CTT ganham pr\u00e9mio europeu de preven\u00e7\u00e3o rodovi\u00e1ria - Segef - SEGURAN\u00c7A GEST\u00c3O E EFICI\u00caNCIA, SOCIEDADE UNIPESSOAL LDA\" \/>\n<meta property=\"og:description\" content=\"&#8220;A empresa CTT Correios de Portugal foi hoje uma das distinguidas com os &#8220;Pr\u00e9mios de Excel\u00eancia de Seguran\u00e7a Rodovi\u00e1ria 2017&#8221;,&hellip;\" \/>\n<meta property=\"og:url\" content=\"https:\/\/segef.pt\/en\/ctt-ganham-premio-europeu-de-prevencao-rodoviaria\/\" \/>\n<meta property=\"og:site_name\" content=\"Segef - SEGURAN\u00c7A GEST\u00c3O E EFICI\u00caNCIA, SOCIEDADE UNIPESSOAL LDA\" \/>\n<meta property=\"article:published_time\" content=\"2023-09-29T17:18:18+00:00\" \/>\n<meta property=\"article:modified_time\" content=\"2023-10-02T17:51:29+00:00\" \/>\n<meta property=\"og:image\" content=\"https:\/\/segef.pt\/wp-content\/uploads\/2023\/09\/img-900x5602016-12-05-17-21-00-299024.jpg\" \/>\n\t<meta property=\"og:image:width\" content=\"900\" \/>\n\t<meta property=\"og:image:height\" content=\"560\" \/>\n\t<meta property=\"og:image:type\" content=\"image\/jpeg\" \/>\n<meta name=\"author\" content=\"Jos\u00e9 Guilherme\" \/>\n<meta name=\"twitter:card\" content=\"summary_large_image\" \/>\n<meta name=\"twitter:label1\" content=\"Written by\" \/>\n\t<meta name=\"twitter:data1\" content=\"Jos\u00e9 Guilherme\" \/>\n\t<meta name=\"twitter:label2\" content=\"Est. reading time\" \/>\n\t<meta name=\"twitter:data2\" content=\"2 minutes\" \/>\n<script type=\"application\/ld+json\" class=\"yoast-schema-graph\">{\"@context\":\"https:\/\/schema.org\",\"@graph\":[{\"@type\":\"WebPage\",\"@id\":\"https:\/\/segef.pt\/en\/ctt-ganham-premio-europeu-de-prevencao-rodoviaria\/\",\"url\":\"https:\/\/segef.pt\/en\/ctt-ganham-premio-europeu-de-prevencao-rodoviaria\/\",\"name\":\"CTT ganham pr\u00e9mio europeu de preven\u00e7\u00e3o rodovi\u00e1ria - Segef - SEGURAN\u00c7A GEST\u00c3O E EFICI\u00caNCIA, SOCIEDADE UNIPESSOAL LDA\",\"isPartOf\":{\"@id\":\"https:\/\/segef.pt\/#website\"},\"datePublished\":\"2023-09-29T17:18:18+00:00\",\"dateModified\":\"2023-10-02T17:51:29+00:00\",\"author\":{\"@id\":\"https:\/\/segef.pt\/#\/schema\/person\/9a25f98a68d6de6fc804a42bd5fbaaad\"},\"breadcrumb\":{\"@id\":\"https:\/\/segef.pt\/en\/ctt-ganham-premio-europeu-de-prevencao-rodoviaria\/#breadcrumb\"},\"inLanguage\":\"en-US\",\"potentialAction\":[{\"@type\":\"ReadAction\",\"target\":[\"https:\/\/segef.pt\/en\/ctt-ganham-premio-europeu-de-prevencao-rodoviaria\/\"]}]},{\"@type\":\"BreadcrumbList\",\"@id\":\"https:\/\/segef.pt\/en\/ctt-ganham-premio-europeu-de-prevencao-rodoviaria\/#breadcrumb\",\"itemListElement\":[{\"@type\":\"ListItem\",\"position\":1,\"name\":\"Home\",\"item\":\"https:\/\/segef.pt\/en\/\"},{\"@type\":\"ListItem\",\"position\":2,\"name\":\"CTT ganham pr\u00e9mio europeu de preven\u00e7\u00e3o rodovi\u00e1ria\"}]},{\"@type\":\"WebSite\",\"@id\":\"https:\/\/segef.pt\/#website\",\"url\":\"https:\/\/segef.pt\/\",\"name\":\"Segef - SEGURAN\u00c7A GEST\u00c3O E EFICI\u00caNCIA, SOCIEDADE UNIPESSOAL LDA\",\"description\":\"\",\"potentialAction\":[{\"@type\":\"SearchAction\",\"target\":{\"@type\":\"EntryPoint\",\"urlTemplate\":\"https:\/\/segef.pt\/?s={search_term_string}\"},\"query-input\":\"required name=search_term_string\"}],\"inLanguage\":\"en-US\"},{\"@type\":\"Person\",\"@id\":\"https:\/\/segef.pt\/#\/schema\/person\/9a25f98a68d6de6fc804a42bd5fbaaad\",\"name\":\"Jos\u00e9 Guilherme\",\"image\":{\"@type\":\"ImageObject\",\"inLanguage\":\"en-US\",\"@id\":\"https:\/\/segef.pt\/#\/schema\/person\/image\/\",\"url\":\"https:\/\/secure.gravatar.com\/avatar\/9016c1bf5b271611aa1f19007dd94553?s=96&d=mm&r=g\",\"contentUrl\":\"https:\/\/secure.gravatar.com\/avatar\/9016c1bf5b271611aa1f19007dd94553?s=96&d=mm&r=g\",\"caption\":\"Jos\u00e9 Guilherme\"},\"url\":\"https:\/\/segef.pt\/en\/author\/user\/\"}]}<\/script>\n<!-- \/ Yoast SEO plugin. -->","yoast_head_json":{"title":"CTT ganham pr\u00e9mio europeu de preven\u00e7\u00e3o rodovi\u00e1ria - Segef - SEGURAN\u00c7A GEST\u00c3O E EFICI\u00caNCIA, SOCIEDADE UNIPESSOAL LDA","robots":{"index":"index","follow":"follow","max-snippet":"max-snippet:-1","max-image-preview":"max-image-preview:large","max-video-preview":"max-video-preview:-1"},"canonical":"https:\/\/segef.pt\/en\/ctt-ganham-premio-europeu-de-prevencao-rodoviaria\/","og_locale":"en_US","og_type":"article","og_title":"CTT ganham pr\u00e9mio europeu de preven\u00e7\u00e3o rodovi\u00e1ria - Segef - SEGURAN\u00c7A GEST\u00c3O E EFICI\u00caNCIA, SOCIEDADE UNIPESSOAL LDA","og_description":"&#8220;A empresa CTT Correios de Portugal foi hoje uma das distinguidas com os &#8220;Pr\u00e9mios de Excel\u00eancia de Seguran\u00e7a Rodovi\u00e1ria 2017&#8221;,&hellip;","og_url":"https:\/\/segef.pt\/en\/ctt-ganham-premio-europeu-de-prevencao-rodoviaria\/","og_site_name":"Segef - SEGURAN\u00c7A GEST\u00c3O E EFICI\u00caNCIA, SOCIEDADE UNIPESSOAL LDA","article_published_time":"2023-09-29T17:18:18+00:00","article_modified_time":"2023-10-02T17:51:29+00:00","og_image":[{"width":900,"height":560,"url":"https:\/\/segef.pt\/wp-content\/uploads\/2023\/09\/img-900x5602016-12-05-17-21-00-299024.jpg","type":"image\/jpeg"}],"author":"Jos\u00e9 Guilherme","twitter_card":"summary_large_image","twitter_misc":{"Written by":"Jos\u00e9 Guilherme","Est. reading time":"2 minutes"},"schema":{"@context":"https:\/\/schema.org","@graph":[{"@type":"WebPage","@id":"https:\/\/segef.pt\/en\/ctt-ganham-premio-europeu-de-prevencao-rodoviaria\/","url":"https:\/\/segef.pt\/en\/ctt-ganham-premio-europeu-de-prevencao-rodoviaria\/","name":"CTT ganham pr\u00e9mio europeu de preven\u00e7\u00e3o rodovi\u00e1ria - Segef - SEGURAN\u00c7A GEST\u00c3O E EFICI\u00caNCIA, SOCIEDADE UNIPESSOAL LDA","isPartOf":{"@id":"https:\/\/segef.pt\/#website"},"datePublished":"2023-09-29T17:18:18+00:00","dateModified":"2023-10-02T17:51:29+00:00","author":{"@id":"https:\/\/segef.pt\/#\/schema\/person\/9a25f98a68d6de6fc804a42bd5fbaaad"},"breadcrumb":{"@id":"https:\/\/segef.pt\/en\/ctt-ganham-premio-europeu-de-prevencao-rodoviaria\/#breadcrumb"},"inLanguage":"en-US","potentialAction":[{"@type":"ReadAction","target":["https:\/\/segef.pt\/en\/ctt-ganham-premio-europeu-de-prevencao-rodoviaria\/"]}]},{"@type":"BreadcrumbList","@id":"https:\/\/segef.pt\/en\/ctt-ganham-premio-europeu-de-prevencao-rodoviaria\/#breadcrumb","itemListElement":[{"@type":"ListItem","position":1,"name":"Home","item":"https:\/\/segef.pt\/en\/"},{"@type":"ListItem","position":2,"name":"CTT ganham pr\u00e9mio europeu de preven\u00e7\u00e3o rodovi\u00e1ria"}]},{"@type":"WebSite","@id":"https:\/\/segef.pt\/#website","url":"https:\/\/segef.pt\/","name":"Segef - SEGURAN\u00c7A GEST\u00c3O E EFICI\u00caNCIA, SOCIEDADE UNIPESSOAL LDA","description":"","potentialAction":[{"@type":"SearchAction","target":{"@type":"EntryPoint","urlTemplate":"https:\/\/segef.pt\/?s={search_term_string}"},"query-input":"required name=search_term_string"}],"inLanguage":"en-US"},{"@type":"Person","@id":"https:\/\/segef.pt\/#\/schema\/person\/9a25f98a68d6de6fc804a42bd5fbaaad","name":"Jos\u00e9 Guilherme","image":{"@type":"ImageObject","inLanguage":"en-US","@id":"https:\/\/segef.pt\/#\/schema\/person\/image\/","url":"https:\/\/secure.gravatar.com\/avatar\/9016c1bf5b271611aa1f19007dd94553?s=96&d=mm&r=g","contentUrl":"https:\/\/secure.gravatar.com\/avatar\/9016c1bf5b271611aa1f19007dd94553?s=96&d=mm&r=g","caption":"Jos\u00e9 Guilherme"},"url":"https:\/\/segef.pt\/en\/author\/user\/"}]}},"_links":{"self":[{"href":"https:\/\/segef.pt\/en\/wp-json\/wp\/v2\/posts\/3164"}],"collection":[{"href":"https:\/\/segef.pt\/en\/wp-json\/wp\/v2\/posts"}],"about":[{"href":"https:\/\/segef.pt\/en\/wp-json\/wp\/v2\/types\/post"}],"author":[{"embeddable":true,"href":"https:\/\/segef.pt\/en\/wp-json\/wp\/v2\/users\/2"}],"replies":[{"embeddable":true,"href":"https:\/\/segef.pt\/en\/wp-json\/wp\/v2\/comments?post=3164"}],"version-history":[{"count":1,"href":"https:\/\/segef.pt\/en\/wp-json\/wp\/v2\/posts\/3164\/revisions"}],"predecessor-version":[{"id":3324,"href":"https:\/\/segef.pt\/en\/wp-json\/wp\/v2\/posts\/3164\/revisions\/3324"}],"wp:featuredmedia":[{"embeddable":true,"href":"https:\/\/segef.pt\/en\/wp-json\/wp\/v2\/media\/3162"}],"wp:attachment":[{"href":"https:\/\/segef.pt\/en\/wp-json\/wp\/v2\/media?parent=3164"}],"wp:term":[{"taxonomy":"category","embeddable":true,"href":"https:\/\/segef.pt\/en\/wp-json\/wp\/v2\/categories?post=3164"},{"taxonomy":"post_tag","embeddable":true,"href":"https:\/\/segef.pt\/en\/wp-json\/wp\/v2\/tags?post=3164"}],"curies":[{"name":"wp","href":"https:\/\/api.w.org\/{rel}","templated":true}]}}