{"id":3260,"date":"2023-10-02T16:00:55","date_gmt":"2023-10-02T16:00:55","guid":{"rendered":"https:\/\/segef.pt\/o-pesado-impacto-social-e-economico-dos-acidentes-rodoviarios\/"},"modified":"2023-10-02T17:57:40","modified_gmt":"2023-10-02T17:57:40","slug":"o-pesado-impacto-social-e-economico-dos-acidentes-rodoviarios","status":"publish","type":"post","link":"https:\/\/segef.pt\/en\/o-pesado-impacto-social-e-economico-dos-acidentes-rodoviarios\/","title":{"rendered":"O Pesado Impacto Social E Econ\u00f3mico Dos Acidentes Rodovi\u00e1rios"},"content":{"rendered":"<p>&#8220;<strong>Recentemente a Autoridade Nacional de Seguran\u00e7a Rodovi\u00e1ria apresentou um estudo sobre o Impacto Social e Economico dos Acidentes Rodovi\u00e1rios em Portugal.<\/strong><\/p>\n<p>Os n\u00fameros s\u00e3o impressionantes e merecem ser divulgados para todos termos consci\u00eancia do que estamos a falar\u2026<\/p>\n<p><strong>Em 2019 (ano base para o estudo realizado pela ANSR e ISEG) os acidentes rodovi\u00e1rios tiveram um custo estimado de mais de 6 mil milh\u00f5es de euros, o que representa mais de 3% do PIB nacional<\/strong>.(&#8230;)&#8221;<\/p>\n<p>Saiba mais: <a href=\"https:\/\/www.securitymagazine.pt\/2022\/04\/10\/o-pesado-impacto-social-e-economico-dos-acidentes-rodoviarios\/\" target=\"_blank\" rel=\"noopener\">https:\/\/www.securitymagazine.pt\/2022\/04\/10\/o-pesado-impacto-social-e-economico-dos-acidentes-rodoviarios\/<\/a><\/p>\n","protected":false},"excerpt":{"rendered":"<p>&#8220;Recentemente a Autoridade Nacional de Seguran\u00e7a Rodovi\u00e1ria apresentou um estudo sobre o Impacto Social e Economico dos Acidentes Rodovi\u00e1rios em&hellip;<\/p>\n","protected":false},"author":2,"featured_media":3258,"comment_status":"open","ping_status":"open","sticky":false,"template":"","format":"standard","meta":{"footnotes":""},"categories":[1,38],"tags":[],"acf":[],"yoast_head":"<!-- This site is optimized with the Yoast SEO plugin v21.5 - https:\/\/yoast.com\/wordpress\/plugins\/seo\/ -->\n<title>O Pesado Impacto Social E Econ\u00f3mico Dos Acidentes Rodovi\u00e1rios - Segef - SEGURAN\u00c7A GEST\u00c3O E EFICI\u00caNCIA, SOCIEDADE UNIPESSOAL LDA<\/title>\n<meta name=\"robots\" content=\"index, follow, max-snippet:-1, max-image-preview:large, max-video-preview:-1\" \/>\n<link rel=\"canonical\" href=\"https:\/\/segef.pt\/en\/o-pesado-impacto-social-e-economico-dos-acidentes-rodoviarios\/\" \/>\n<meta property=\"og:locale\" content=\"en_US\" \/>\n<meta property=\"og:type\" content=\"article\" \/>\n<meta property=\"og:title\" content=\"O Pesado Impacto Social E Econ\u00f3mico Dos Acidentes Rodovi\u00e1rios - Segef - SEGURAN\u00c7A GEST\u00c3O E EFICI\u00caNCIA, SOCIEDADE UNIPESSOAL LDA\" \/>\n<meta property=\"og:description\" content=\"&#8220;Recentemente a Autoridade Nacional de Seguran\u00e7a Rodovi\u00e1ria apresentou um estudo sobre o Impacto Social e Economico dos Acidentes Rodovi\u00e1rios em&hellip;\" \/>\n<meta property=\"og:url\" content=\"https:\/\/segef.pt\/en\/o-pesado-impacto-social-e-economico-dos-acidentes-rodoviarios\/\" \/>\n<meta property=\"og:site_name\" content=\"Segef - SEGURAN\u00c7A GEST\u00c3O E EFICI\u00caNCIA, SOCIEDADE UNIPESSOAL LDA\" \/>\n<meta property=\"article:published_time\" content=\"2023-10-02T16:00:55+00:00\" \/>\n<meta property=\"article:modified_time\" content=\"2023-10-02T17:57:40+00:00\" \/>\n<meta property=\"og:image\" content=\"https:\/\/segef.pt\/wp-content\/uploads\/2023\/10\/jguilhermemar22.jpg\" \/>\n\t<meta property=\"og:image:width\" content=\"1024\" \/>\n\t<meta property=\"og:image:height\" content=\"520\" \/>\n\t<meta property=\"og:image:type\" content=\"image\/jpeg\" \/>\n<meta name=\"author\" content=\"Jos\u00e9 Guilherme\" \/>\n<meta name=\"twitter:card\" content=\"summary_large_image\" \/>\n<meta name=\"twitter:label1\" content=\"Written by\" \/>\n\t<meta name=\"twitter:data1\" content=\"Jos\u00e9 Guilherme\" \/>\n\t<meta name=\"twitter:label2\" content=\"Est. reading time\" \/>\n\t<meta name=\"twitter:data2\" content=\"1 minute\" \/>\n<script type=\"application\/ld+json\" class=\"yoast-schema-graph\">{\"@context\":\"https:\/\/schema.org\",\"@graph\":[{\"@type\":\"WebPage\",\"@id\":\"https:\/\/segef.pt\/en\/o-pesado-impacto-social-e-economico-dos-acidentes-rodoviarios\/\",\"url\":\"https:\/\/segef.pt\/en\/o-pesado-impacto-social-e-economico-dos-acidentes-rodoviarios\/\",\"name\":\"O Pesado Impacto Social E Econ\u00f3mico Dos Acidentes Rodovi\u00e1rios - Segef - SEGURAN\u00c7A GEST\u00c3O E EFICI\u00caNCIA, SOCIEDADE UNIPESSOAL LDA\",\"isPartOf\":{\"@id\":\"https:\/\/segef.pt\/#website\"},\"datePublished\":\"2023-10-02T16:00:55+00:00\",\"dateModified\":\"2023-10-02T17:57:40+00:00\",\"author\":{\"@id\":\"https:\/\/segef.pt\/#\/schema\/person\/9a25f98a68d6de6fc804a42bd5fbaaad\"},\"breadcrumb\":{\"@id\":\"https:\/\/segef.pt\/en\/o-pesado-impacto-social-e-economico-dos-acidentes-rodoviarios\/#breadcrumb\"},\"inLanguage\":\"en-US\",\"potentialAction\":[{\"@type\":\"ReadAction\",\"target\":[\"https:\/\/segef.pt\/en\/o-pesado-impacto-social-e-economico-dos-acidentes-rodoviarios\/\"]}]},{\"@type\":\"BreadcrumbList\",\"@id\":\"https:\/\/segef.pt\/en\/o-pesado-impacto-social-e-economico-dos-acidentes-rodoviarios\/#breadcrumb\",\"itemListElement\":[{\"@type\":\"ListItem\",\"position\":1,\"name\":\"Home\",\"item\":\"https:\/\/segef.pt\/en\/\"},{\"@type\":\"ListItem\",\"position\":2,\"name\":\"O Pesado Impacto Social E Econ\u00f3mico Dos Acidentes Rodovi\u00e1rios\"}]},{\"@type\":\"WebSite\",\"@id\":\"https:\/\/segef.pt\/#website\",\"url\":\"https:\/\/segef.pt\/\",\"name\":\"Segef - SEGURAN\u00c7A GEST\u00c3O E EFICI\u00caNCIA, SOCIEDADE UNIPESSOAL LDA\",\"description\":\"\",\"potentialAction\":[{\"@type\":\"SearchAction\",\"target\":{\"@type\":\"EntryPoint\",\"urlTemplate\":\"https:\/\/segef.pt\/?s={search_term_string}\"},\"query-input\":\"required name=search_term_string\"}],\"inLanguage\":\"en-US\"},{\"@type\":\"Person\",\"@id\":\"https:\/\/segef.pt\/#\/schema\/person\/9a25f98a68d6de6fc804a42bd5fbaaad\",\"name\":\"Jos\u00e9 Guilherme\",\"image\":{\"@type\":\"ImageObject\",\"inLanguage\":\"en-US\",\"@id\":\"https:\/\/segef.pt\/#\/schema\/person\/image\/\",\"url\":\"https:\/\/secure.gravatar.com\/avatar\/9016c1bf5b271611aa1f19007dd94553?s=96&d=mm&r=g\",\"contentUrl\":\"https:\/\/secure.gravatar.com\/avatar\/9016c1bf5b271611aa1f19007dd94553?s=96&d=mm&r=g\",\"caption\":\"Jos\u00e9 Guilherme\"},\"url\":\"https:\/\/segef.pt\/en\/author\/user\/\"}]}<\/script>\n<!-- \/ Yoast SEO plugin. -->","yoast_head_json":{"title":"O Pesado Impacto Social E Econ\u00f3mico Dos Acidentes Rodovi\u00e1rios - Segef - SEGURAN\u00c7A GEST\u00c3O E EFICI\u00caNCIA, SOCIEDADE UNIPESSOAL LDA","robots":{"index":"index","follow":"follow","max-snippet":"max-snippet:-1","max-image-preview":"max-image-preview:large","max-video-preview":"max-video-preview:-1"},"canonical":"https:\/\/segef.pt\/en\/o-pesado-impacto-social-e-economico-dos-acidentes-rodoviarios\/","og_locale":"en_US","og_type":"article","og_title":"O Pesado Impacto Social E Econ\u00f3mico Dos Acidentes Rodovi\u00e1rios - Segef - SEGURAN\u00c7A GEST\u00c3O E EFICI\u00caNCIA, SOCIEDADE UNIPESSOAL LDA","og_description":"&#8220;Recentemente a Autoridade Nacional de Seguran\u00e7a Rodovi\u00e1ria apresentou um estudo sobre o Impacto Social e Economico dos Acidentes Rodovi\u00e1rios em&hellip;","og_url":"https:\/\/segef.pt\/en\/o-pesado-impacto-social-e-economico-dos-acidentes-rodoviarios\/","og_site_name":"Segef - SEGURAN\u00c7A GEST\u00c3O E EFICI\u00caNCIA, SOCIEDADE UNIPESSOAL LDA","article_published_time":"2023-10-02T16:00:55+00:00","article_modified_time":"2023-10-02T17:57:40+00:00","og_image":[{"width":1024,"height":520,"url":"https:\/\/segef.pt\/wp-content\/uploads\/2023\/10\/jguilhermemar22.jpg","type":"image\/jpeg"}],"author":"Jos\u00e9 Guilherme","twitter_card":"summary_large_image","twitter_misc":{"Written by":"Jos\u00e9 Guilherme","Est. reading time":"1 minute"},"schema":{"@context":"https:\/\/schema.org","@graph":[{"@type":"WebPage","@id":"https:\/\/segef.pt\/en\/o-pesado-impacto-social-e-economico-dos-acidentes-rodoviarios\/","url":"https:\/\/segef.pt\/en\/o-pesado-impacto-social-e-economico-dos-acidentes-rodoviarios\/","name":"O Pesado Impacto Social E Econ\u00f3mico Dos Acidentes Rodovi\u00e1rios - Segef - SEGURAN\u00c7A GEST\u00c3O E EFICI\u00caNCIA, SOCIEDADE UNIPESSOAL LDA","isPartOf":{"@id":"https:\/\/segef.pt\/#website"},"datePublished":"2023-10-02T16:00:55+00:00","dateModified":"2023-10-02T17:57:40+00:00","author":{"@id":"https:\/\/segef.pt\/#\/schema\/person\/9a25f98a68d6de6fc804a42bd5fbaaad"},"breadcrumb":{"@id":"https:\/\/segef.pt\/en\/o-pesado-impacto-social-e-economico-dos-acidentes-rodoviarios\/#breadcrumb"},"inLanguage":"en-US","potentialAction":[{"@type":"ReadAction","target":["https:\/\/segef.pt\/en\/o-pesado-impacto-social-e-economico-dos-acidentes-rodoviarios\/"]}]},{"@type":"BreadcrumbList","@id":"https:\/\/segef.pt\/en\/o-pesado-impacto-social-e-economico-dos-acidentes-rodoviarios\/#breadcrumb","itemListElement":[{"@type":"ListItem","position":1,"name":"Home","item":"https:\/\/segef.pt\/en\/"},{"@type":"ListItem","position":2,"name":"O Pesado Impacto Social E Econ\u00f3mico Dos Acidentes Rodovi\u00e1rios"}]},{"@type":"WebSite","@id":"https:\/\/segef.pt\/#website","url":"https:\/\/segef.pt\/","name":"Segef - SEGURAN\u00c7A GEST\u00c3O E EFICI\u00caNCIA, SOCIEDADE UNIPESSOAL LDA","description":"","potentialAction":[{"@type":"SearchAction","target":{"@type":"EntryPoint","urlTemplate":"https:\/\/segef.pt\/?s={search_term_string}"},"query-input":"required name=search_term_string"}],"inLanguage":"en-US"},{"@type":"Person","@id":"https:\/\/segef.pt\/#\/schema\/person\/9a25f98a68d6de6fc804a42bd5fbaaad","name":"Jos\u00e9 Guilherme","image":{"@type":"ImageObject","inLanguage":"en-US","@id":"https:\/\/segef.pt\/#\/schema\/person\/image\/","url":"https:\/\/secure.gravatar.com\/avatar\/9016c1bf5b271611aa1f19007dd94553?s=96&d=mm&r=g","contentUrl":"https:\/\/secure.gravatar.com\/avatar\/9016c1bf5b271611aa1f19007dd94553?s=96&d=mm&r=g","caption":"Jos\u00e9 Guilherme"},"url":"https:\/\/segef.pt\/en\/author\/user\/"}]}},"_links":{"self":[{"href":"https:\/\/segef.pt\/en\/wp-json\/wp\/v2\/posts\/3260"}],"collection":[{"href":"https:\/\/segef.pt\/en\/wp-json\/wp\/v2\/posts"}],"about":[{"href":"https:\/\/segef.pt\/en\/wp-json\/wp\/v2\/types\/post"}],"author":[{"embeddable":true,"href":"https:\/\/segef.pt\/en\/wp-json\/wp\/v2\/users\/2"}],"replies":[{"embeddable":true,"href":"https:\/\/segef.pt\/en\/wp-json\/wp\/v2\/comments?post=3260"}],"version-history":[{"count":1,"href":"https:\/\/segef.pt\/en\/wp-json\/wp\/v2\/posts\/3260\/revisions"}],"predecessor-version":[{"id":3336,"href":"https:\/\/segef.pt\/en\/wp-json\/wp\/v2\/posts\/3260\/revisions\/3336"}],"wp:featuredmedia":[{"embeddable":true,"href":"https:\/\/segef.pt\/en\/wp-json\/wp\/v2\/media\/3258"}],"wp:attachment":[{"href":"https:\/\/segef.pt\/en\/wp-json\/wp\/v2\/media?parent=3260"}],"wp:term":[{"taxonomy":"category","embeddable":true,"href":"https:\/\/segef.pt\/en\/wp-json\/wp\/v2\/categories?post=3260"},{"taxonomy":"post_tag","embeddable":true,"href":"https:\/\/segef.pt\/en\/wp-json\/wp\/v2\/tags?post=3260"}],"curies":[{"name":"wp","href":"https:\/\/api.w.org\/{rel}","templated":true}]}}