{"id":3280,"date":"2023-10-02T16:07:45","date_gmt":"2023-10-02T16:07:45","guid":{"rendered":"https:\/\/segef.pt\/seguranca-rodoviaria-os-condutores\/"},"modified":"2023-10-02T17:58:27","modified_gmt":"2023-10-02T17:58:27","slug":"seguranca-rodoviaria-os-condutores","status":"publish","type":"post","link":"https:\/\/segef.pt\/en\/seguranca-rodoviaria-os-condutores\/","title":{"rendered":"Seguran\u00e7a Rodovi\u00e1ria \u2013 Os Condutores!"},"content":{"rendered":"<p>&#8220;Abordo agora com mais aten\u00e7\u00e3o o papel dos condutores!<\/p>\n<p><strong>E come\u00e7o por distinguir os diferentes tipos de condutores<\/strong>:<\/p>\n<p>Por\u00a0<strong>tipo de ve\u00edculo<\/strong>, desde os ve\u00edculos mais pequenos, trotinetes, bicicletas, motociclos, ve\u00edculos ligeiros e ve\u00edculos pesados.<\/p>\n<p>Por\u00a0<strong>tipo de utilizador<\/strong>, o condutor pontual, o condutor profissional (e s\u00e3o muitos, condutores de pesados de mercadorias e passageiros, os t\u00e1xis, etc), e entre os dois os que apesar de n\u00e3o serem condutores profissionais exercem uma profiss\u00e3o que os torna condutores frequentes (comerciais, t\u00e9cnicos de manuten\u00e7\u00e3o, policias e seguran\u00e7as, desloca\u00e7\u00f5es profissionais). De notar que o ETSC (Conselho Europeu de Transportes e Seguran\u00e7a) considera este grupo como utilizadores profissionais\u2026<\/p>\n<p>A legisla\u00e7\u00e3o portuguesa prev\u00ea um conjunto de responsabilidades para quem conduz nas estradas.<\/p>\n<p><strong>O C\u00f3digo da Estrada<\/strong>\u00a0\u2013<\/p>\n<p>O Artigo 135.\u00ba \u2014 define a responsabilidade pelas infra\u00e7\u00f5es aos \u201cagentes que pratiquem os factos constitutivos das mesmas, designados em cada diploma legal\u201d<\/p>\n<p>No caso dos condutores de ve\u00edculos de empresa devemos ter presentes tamb\u00e9m a\u00a0\u00a0<strong>legisla\u00e7\u00e3o laboral<\/strong>\u00a0que prev\u00ea a responsabilidade dos empregados, no C\u00f3digo do Trabalho, no Artigo 128.\u00ba Deveres do trabalhador que define:<\/p>\n<p><em>\u201c1 \u2013 Sem preju\u00edzo de outras obriga\u00e7\u00f5es, o trabalhador deve:<\/em><\/p>\n<p><em>\u00a0e) Cumprir as ordens e instru\u00e7\u00f5es do empregador respeitantes a execu\u00e7\u00e3o ou disciplina do trabalho, bem como a seguran\u00e7a e sa\u00fade no trabalho, que n\u00e3o sejam contr\u00e1rias aos seus direitos ou garantias;<\/em><\/p>\n<p><em>g) Velar pela conserva\u00e7\u00e3o e boa utiliza\u00e7\u00e3o de bens relacionados com o trabalho que lhe forem confiados pelo empregador;<\/em><\/p>\n<p><em>i) Cooperar para a melhoria da seguran\u00e7a e sa\u00fade no trabalho, nomeadamente por interm\u00e9dio dos representantes dos trabalhadores eleitos para esse fim;<\/em><\/p>\n<p><em>j) Cumprir as prescri\u00e7\u00f5es sobre seguran\u00e7a e sa\u00fade no trabalho que decorram de lei ou instrumento de regulamenta\u00e7\u00e3o coletiva de trabalho. \u201c<\/em><\/p>\n<p>E ainda a possibilidade de um determinado acidente rodovi\u00e1rio poder ser \u201cdescaracterizado\u201d conforme a Lei n\u00ba 98\/2009, no seu artigo 14\u00aa que define:<\/p>\n<p><em>\u201c\u00a0Descaracteriza\u00e7\u00e3o do acidente<\/em><\/p>\n<p><em>1 \u2013 O empregador n\u00e3o tem de reparar os danos decorrentes do acidente que:<\/em><\/p>\n<p><em>a) For dolosamente provocado pelo sinistrado ou provier de seu ato ou omiss\u00e3o, que importe viola\u00e7\u00e3o, sem causa justificativa, das condi\u00e7\u00f5es de seguran\u00e7a estabelecidas pelo empregador ou previstas na lei;<\/em><\/p>\n<p><em>b) Provier exclusivamente de neglig\u00eancia grosseira do sinistrado;\u201d<\/em><\/p>\n<p>De notar que neste caso (descaracteriza\u00e7\u00e3o do acidente), sendo uma ocorr\u00eancia n\u00e3o considerada Acidente de Trabalho est\u00e3o em causa todos os custos desse acidente descaracterizado, custos de tratamento, remunera\u00e7\u00e3o do trabalhador, indemniza\u00e7\u00f5es que em situa\u00e7\u00e3o normal o trabalhador teria direito.<\/p>\n<p>H\u00e1, pois, uma responsabilidade acrescida para quem conduz ve\u00edculos de empresa\u2026 \u201cDesconhecer\u201d ou \u201cesquecer\u201d estas responsabilidades \u00e9 um erro que traz consequ\u00eancias muito serias para a vida dos envolvidos direta ou indiretamente (fam\u00edlia, filhos\u2026).<\/p>\n<p>Mas h\u00e1 ainda outras responsabilidades que todos temos\u2026<\/p>\n<p>Praticar uma condu\u00e7\u00e3o atenta, analisando as situa\u00e7\u00f5es de tr\u00e2nsito, e dar a conhecer aos outros as nossas inten\u00e7\u00f5es na estrada, como por exemplo, ao mudar de dire\u00e7\u00e3o.<\/p>\n<p>Ser respons\u00e1vel pela seguran\u00e7a pessoal e restantes passageiros, pela seguran\u00e7a do ve\u00edculo que conduzimos e carga transportada, pela seguran\u00e7a dos pe\u00f5es, dos condutores e dos outros ve\u00edculos que circulam na via p\u00fablica. Na realidade trata-se de uma condu\u00e7\u00e3o defensiva e respons\u00e1vel!<\/p>\n<p>N\u00e3o temos, pois, duvida sobre a responsabilidade de todos os condutores.<\/p>\n<p>E naturalmente que alguns condutores t\u00eam responsabilidades diferentes\u2026<\/p>\n<p>Um condutor de um ve\u00edculo pesado ter\u00e1 que ter uma aten\u00e7\u00e3o acrescida aos restantes utilizadores, sobretudo os mais vulner\u00e1veis.<\/p>\n<p>Um condutor profissional deve ter em conta que tem uma viatura de uma empresa e que pode prejudicar a imagem da empresa se praticar uma condu\u00e7\u00e3o menos respons\u00e1vel.<\/p>\n<p>Um condutor de um ve\u00edculo fr\u00e1gil ter\u00e1 que ter uma aten\u00e7\u00e3o redobrada, porque a sua vida est\u00e1 mais exposta\u2026<\/p>\n<p><strong>CONCLUS\u00d5ES<\/strong><\/p>\n<p>Como tenho defendido, todos somos respons\u00e1veis pela seguran\u00e7a rodovi\u00e1ria\u2026<\/p>\n<p>E os condutores s\u00e3o sem d\u00favida os atores principais no transito! Condutores que por vezes t\u00eam condi\u00e7\u00f5es muitas vezes dif\u00edceis, transito lento, hor\u00e1rios a cumprir, clientes \u00e0 espera\u2026<\/p>\n<p>Mas a vida e a sa\u00fade \u00e9 o mais importante que podemos ter\u2026<\/p>\n<p><strong>O papel de todos os que conduzem no transito \u00e9 fundamental para a sua seguran\u00e7a e de todos os outros! E fundamental para quem os espera no final do dia e que conta com o seu apoio na vida!<\/strong><\/p>\n<p>Jos\u00e9 Fernando Guilherme&#8221;<\/p>\n<p>Saiba mais: <a href=\"https:\/\/www.securitymagazine.pt\/2021\/06\/02\/seguranca-rodoviaria-os-condutores\/\" target=\"_blank\" rel=\"noopener\">https:\/\/www.securitymagazine.pt\/2021\/06\/02\/seguranca-rodoviaria-os-condutores\/<\/a><\/p>\n","protected":false},"excerpt":{"rendered":"<p>&#8220;Abordo agora com mais aten\u00e7\u00e3o o papel dos condutores! E come\u00e7o por distinguir os diferentes tipos de condutores: Por\u00a0tipo de&hellip;<\/p>\n","protected":false},"author":2,"featured_media":3278,"comment_status":"open","ping_status":"open","sticky":false,"template":"","format":"standard","meta":{"footnotes":""},"categories":[1,40],"tags":[],"acf":[],"yoast_head":"<!-- This site is optimized with the Yoast SEO plugin v21.5 - https:\/\/yoast.com\/wordpress\/plugins\/seo\/ -->\n<title>Seguran\u00e7a Rodovi\u00e1ria \u2013 Os Condutores! - Segef - SEGURAN\u00c7A GEST\u00c3O E EFICI\u00caNCIA, SOCIEDADE UNIPESSOAL LDA<\/title>\n<meta name=\"robots\" content=\"index, follow, max-snippet:-1, max-image-preview:large, max-video-preview:-1\" \/>\n<link rel=\"canonical\" href=\"https:\/\/segef.pt\/en\/seguranca-rodoviaria-os-condutores\/\" \/>\n<meta property=\"og:locale\" content=\"en_US\" \/>\n<meta property=\"og:type\" content=\"article\" \/>\n<meta property=\"og:title\" content=\"Seguran\u00e7a Rodovi\u00e1ria \u2013 Os Condutores! - Segef - SEGURAN\u00c7A GEST\u00c3O E EFICI\u00caNCIA, SOCIEDADE UNIPESSOAL LDA\" \/>\n<meta property=\"og:description\" content=\"&#8220;Abordo agora com mais aten\u00e7\u00e3o o papel dos condutores! E come\u00e7o por distinguir os diferentes tipos de condutores: Por\u00a0tipo de&hellip;\" \/>\n<meta property=\"og:url\" content=\"https:\/\/segef.pt\/en\/seguranca-rodoviaria-os-condutores\/\" \/>\n<meta property=\"og:site_name\" content=\"Segef - SEGURAN\u00c7A GEST\u00c3O E EFICI\u00caNCIA, SOCIEDADE UNIPESSOAL LDA\" \/>\n<meta property=\"article:published_time\" content=\"2023-10-02T16:07:45+00:00\" \/>\n<meta property=\"article:modified_time\" content=\"2023-10-02T17:58:27+00:00\" \/>\n<meta property=\"og:image\" content=\"https:\/\/segef.pt\/wp-content\/uploads\/2023\/10\/jguilherme3.jpg\" \/>\n\t<meta property=\"og:image:width\" content=\"1024\" \/>\n\t<meta property=\"og:image:height\" content=\"520\" \/>\n\t<meta property=\"og:image:type\" content=\"image\/jpeg\" \/>\n<meta name=\"author\" content=\"Jos\u00e9 Guilherme\" \/>\n<meta name=\"twitter:card\" content=\"summary_large_image\" \/>\n<meta name=\"twitter:label1\" content=\"Written by\" \/>\n\t<meta name=\"twitter:data1\" content=\"Jos\u00e9 Guilherme\" \/>\n\t<meta name=\"twitter:label2\" content=\"Est. reading time\" \/>\n\t<meta name=\"twitter:data2\" content=\"4 minutes\" \/>\n<script type=\"application\/ld+json\" class=\"yoast-schema-graph\">{\"@context\":\"https:\/\/schema.org\",\"@graph\":[{\"@type\":\"WebPage\",\"@id\":\"https:\/\/segef.pt\/en\/seguranca-rodoviaria-os-condutores\/\",\"url\":\"https:\/\/segef.pt\/en\/seguranca-rodoviaria-os-condutores\/\",\"name\":\"Seguran\u00e7a Rodovi\u00e1ria \u2013 Os Condutores! - Segef - SEGURAN\u00c7A GEST\u00c3O E EFICI\u00caNCIA, SOCIEDADE UNIPESSOAL LDA\",\"isPartOf\":{\"@id\":\"https:\/\/segef.pt\/#website\"},\"datePublished\":\"2023-10-02T16:07:45+00:00\",\"dateModified\":\"2023-10-02T17:58:27+00:00\",\"author\":{\"@id\":\"https:\/\/segef.pt\/#\/schema\/person\/9a25f98a68d6de6fc804a42bd5fbaaad\"},\"breadcrumb\":{\"@id\":\"https:\/\/segef.pt\/en\/seguranca-rodoviaria-os-condutores\/#breadcrumb\"},\"inLanguage\":\"en-US\",\"potentialAction\":[{\"@type\":\"ReadAction\",\"target\":[\"https:\/\/segef.pt\/en\/seguranca-rodoviaria-os-condutores\/\"]}]},{\"@type\":\"BreadcrumbList\",\"@id\":\"https:\/\/segef.pt\/en\/seguranca-rodoviaria-os-condutores\/#breadcrumb\",\"itemListElement\":[{\"@type\":\"ListItem\",\"position\":1,\"name\":\"Home\",\"item\":\"https:\/\/segef.pt\/en\/\"},{\"@type\":\"ListItem\",\"position\":2,\"name\":\"Seguran\u00e7a Rodovi\u00e1ria \u2013 Os Condutores!\"}]},{\"@type\":\"WebSite\",\"@id\":\"https:\/\/segef.pt\/#website\",\"url\":\"https:\/\/segef.pt\/\",\"name\":\"Segef - SEGURAN\u00c7A GEST\u00c3O E EFICI\u00caNCIA, SOCIEDADE UNIPESSOAL LDA\",\"description\":\"\",\"potentialAction\":[{\"@type\":\"SearchAction\",\"target\":{\"@type\":\"EntryPoint\",\"urlTemplate\":\"https:\/\/segef.pt\/?s={search_term_string}\"},\"query-input\":\"required name=search_term_string\"}],\"inLanguage\":\"en-US\"},{\"@type\":\"Person\",\"@id\":\"https:\/\/segef.pt\/#\/schema\/person\/9a25f98a68d6de6fc804a42bd5fbaaad\",\"name\":\"Jos\u00e9 Guilherme\",\"image\":{\"@type\":\"ImageObject\",\"inLanguage\":\"en-US\",\"@id\":\"https:\/\/segef.pt\/#\/schema\/person\/image\/\",\"url\":\"https:\/\/secure.gravatar.com\/avatar\/9016c1bf5b271611aa1f19007dd94553?s=96&d=mm&r=g\",\"contentUrl\":\"https:\/\/secure.gravatar.com\/avatar\/9016c1bf5b271611aa1f19007dd94553?s=96&d=mm&r=g\",\"caption\":\"Jos\u00e9 Guilherme\"},\"url\":\"https:\/\/segef.pt\/en\/author\/user\/\"}]}<\/script>\n<!-- \/ Yoast SEO plugin. -->","yoast_head_json":{"title":"Seguran\u00e7a Rodovi\u00e1ria \u2013 Os Condutores! - Segef - SEGURAN\u00c7A GEST\u00c3O E EFICI\u00caNCIA, SOCIEDADE UNIPESSOAL LDA","robots":{"index":"index","follow":"follow","max-snippet":"max-snippet:-1","max-image-preview":"max-image-preview:large","max-video-preview":"max-video-preview:-1"},"canonical":"https:\/\/segef.pt\/en\/seguranca-rodoviaria-os-condutores\/","og_locale":"en_US","og_type":"article","og_title":"Seguran\u00e7a Rodovi\u00e1ria \u2013 Os Condutores! - Segef - SEGURAN\u00c7A GEST\u00c3O E EFICI\u00caNCIA, SOCIEDADE UNIPESSOAL LDA","og_description":"&#8220;Abordo agora com mais aten\u00e7\u00e3o o papel dos condutores! E come\u00e7o por distinguir os diferentes tipos de condutores: Por\u00a0tipo de&hellip;","og_url":"https:\/\/segef.pt\/en\/seguranca-rodoviaria-os-condutores\/","og_site_name":"Segef - SEGURAN\u00c7A GEST\u00c3O E EFICI\u00caNCIA, SOCIEDADE UNIPESSOAL LDA","article_published_time":"2023-10-02T16:07:45+00:00","article_modified_time":"2023-10-02T17:58:27+00:00","og_image":[{"width":1024,"height":520,"url":"https:\/\/segef.pt\/wp-content\/uploads\/2023\/10\/jguilherme3.jpg","type":"image\/jpeg"}],"author":"Jos\u00e9 Guilherme","twitter_card":"summary_large_image","twitter_misc":{"Written by":"Jos\u00e9 Guilherme","Est. reading time":"4 minutes"},"schema":{"@context":"https:\/\/schema.org","@graph":[{"@type":"WebPage","@id":"https:\/\/segef.pt\/en\/seguranca-rodoviaria-os-condutores\/","url":"https:\/\/segef.pt\/en\/seguranca-rodoviaria-os-condutores\/","name":"Seguran\u00e7a Rodovi\u00e1ria \u2013 Os Condutores! - Segef - SEGURAN\u00c7A GEST\u00c3O E EFICI\u00caNCIA, SOCIEDADE UNIPESSOAL LDA","isPartOf":{"@id":"https:\/\/segef.pt\/#website"},"datePublished":"2023-10-02T16:07:45+00:00","dateModified":"2023-10-02T17:58:27+00:00","author":{"@id":"https:\/\/segef.pt\/#\/schema\/person\/9a25f98a68d6de6fc804a42bd5fbaaad"},"breadcrumb":{"@id":"https:\/\/segef.pt\/en\/seguranca-rodoviaria-os-condutores\/#breadcrumb"},"inLanguage":"en-US","potentialAction":[{"@type":"ReadAction","target":["https:\/\/segef.pt\/en\/seguranca-rodoviaria-os-condutores\/"]}]},{"@type":"BreadcrumbList","@id":"https:\/\/segef.pt\/en\/seguranca-rodoviaria-os-condutores\/#breadcrumb","itemListElement":[{"@type":"ListItem","position":1,"name":"Home","item":"https:\/\/segef.pt\/en\/"},{"@type":"ListItem","position":2,"name":"Seguran\u00e7a Rodovi\u00e1ria \u2013 Os Condutores!"}]},{"@type":"WebSite","@id":"https:\/\/segef.pt\/#website","url":"https:\/\/segef.pt\/","name":"Segef - SEGURAN\u00c7A GEST\u00c3O E EFICI\u00caNCIA, SOCIEDADE UNIPESSOAL LDA","description":"","potentialAction":[{"@type":"SearchAction","target":{"@type":"EntryPoint","urlTemplate":"https:\/\/segef.pt\/?s={search_term_string}"},"query-input":"required name=search_term_string"}],"inLanguage":"en-US"},{"@type":"Person","@id":"https:\/\/segef.pt\/#\/schema\/person\/9a25f98a68d6de6fc804a42bd5fbaaad","name":"Jos\u00e9 Guilherme","image":{"@type":"ImageObject","inLanguage":"en-US","@id":"https:\/\/segef.pt\/#\/schema\/person\/image\/","url":"https:\/\/secure.gravatar.com\/avatar\/9016c1bf5b271611aa1f19007dd94553?s=96&d=mm&r=g","contentUrl":"https:\/\/secure.gravatar.com\/avatar\/9016c1bf5b271611aa1f19007dd94553?s=96&d=mm&r=g","caption":"Jos\u00e9 Guilherme"},"url":"https:\/\/segef.pt\/en\/author\/user\/"}]}},"_links":{"self":[{"href":"https:\/\/segef.pt\/en\/wp-json\/wp\/v2\/posts\/3280"}],"collection":[{"href":"https:\/\/segef.pt\/en\/wp-json\/wp\/v2\/posts"}],"about":[{"href":"https:\/\/segef.pt\/en\/wp-json\/wp\/v2\/types\/post"}],"author":[{"embeddable":true,"href":"https:\/\/segef.pt\/en\/wp-json\/wp\/v2\/users\/2"}],"replies":[{"embeddable":true,"href":"https:\/\/segef.pt\/en\/wp-json\/wp\/v2\/comments?post=3280"}],"version-history":[{"count":1,"href":"https:\/\/segef.pt\/en\/wp-json\/wp\/v2\/posts\/3280\/revisions"}],"predecessor-version":[{"id":3340,"href":"https:\/\/segef.pt\/en\/wp-json\/wp\/v2\/posts\/3280\/revisions\/3340"}],"wp:featuredmedia":[{"embeddable":true,"href":"https:\/\/segef.pt\/en\/wp-json\/wp\/v2\/media\/3278"}],"wp:attachment":[{"href":"https:\/\/segef.pt\/en\/wp-json\/wp\/v2\/media?parent=3280"}],"wp:term":[{"taxonomy":"category","embeddable":true,"href":"https:\/\/segef.pt\/en\/wp-json\/wp\/v2\/categories?post=3280"},{"taxonomy":"post_tag","embeddable":true,"href":"https:\/\/segef.pt\/en\/wp-json\/wp\/v2\/tags?post=3280"}],"curies":[{"name":"wp","href":"https:\/\/api.w.org\/{rel}","templated":true}]}}