{"id":3288,"date":"2023-10-02T16:09:21","date_gmt":"2023-10-02T16:09:21","guid":{"rendered":"https:\/\/segef.pt\/seguranca-rodoviaria-as-empresas\/"},"modified":"2023-10-02T17:58:32","modified_gmt":"2023-10-02T17:58:32","slug":"seguranca-rodoviaria-as-empresas","status":"publish","type":"post","link":"https:\/\/segef.pt\/en\/seguranca-rodoviaria-as-empresas\/","title":{"rendered":"Seguran\u00e7a Rodovi\u00e1ria \u2013 As Empresas!"},"content":{"rendered":"<p>&#8220;Inicio agora uma s\u00e9rie de artigos em que analiso com mais aten\u00e7\u00e3o o papel de cada um dos utilizadores da estrada!<\/p>\n<p><strong>E come\u00e7o pelas empresas<\/strong>, em particular, por aquelas que t\u00eam frotas autom\u00f3veis.<\/p>\n<p>A legisla\u00e7\u00e3o portuguesa prev\u00ea um conjunto de responsabilidades para quem tem frotas nas estradas:<\/p>\n<p><strong>O C\u00f3digo da Estrada<\/strong>\u00a0\u2013 Quando refere no n\u00famero 2 do Artigo 135, que\u00a0<em>\u201co titular do documento de identifica\u00e7\u00e3o do ve\u00edculo \u00e9 respons\u00e1vel pelas infra\u00e7\u00f5es que respeitem \u00e0s condi\u00e7\u00f5es de admiss\u00e3o do ve\u00edculo ao tr\u00e2nsito nas vias p\u00fablicas\u2026\u201d<\/em><\/p>\n<p>A seguir, no n\u00famero 7, prev\u00ea responsabilidade para os\u00a0<em>\u201cOs comitentes que exijam dos condutores um esfor\u00e7o inadequado \u00e0 pr\u00e1tica segura da condu\u00e7\u00e3o\u2026\u201d\u00a0<\/em>e\u00a0<em>\u201cOs que facultem a utiliza\u00e7\u00e3o de ve\u00edculos a pessoas que n\u00e3o estejam devidamente habilitadas para conduzir, que estejam sob influ\u00eancia de \u00e1lcool ou de subst\u00e2ncias psicotr\u00f3picas, ou que se encontrem sujeitos a qualquer outra forma de redu\u00e7\u00e3o das faculdades f\u00edsicas ou ps\u00edquicas necess\u00e1rias ao exerc\u00edcio da condu\u00e7\u00e3o\u201d<\/em><\/p>\n<p>Tamb\u00e9m a\u00a0<strong>legisla\u00e7\u00e3o laboral<\/strong>\u00a0prev\u00ea a responsabilidade do empregador, na Lei 98\/2009:<\/p>\n<p><em>\u201cObriga\u00e7\u00f5es gerais do empregador<\/em><\/p>\n<p><em>1 \u2013 Quando o acidente tiver sido provocado pelo empregador, seu representante ou entidade por aquele contratada e por empresa utilizadora de m\u00e3o-de-obra, ou resultar de falta de observa\u00e7\u00e3o\u2026 das regras sobre seguran\u00e7a e sa\u00fade no trabalho, a responsabilidade individual ou solid\u00e1ria pela indemniza\u00e7\u00e3o abrange a totalidade dos preju\u00edzos, patrimoniais e n\u00e3o patrimoniais, sofridos pelo trabalhador e seus familiares, nos termos gerais\u201d. Mais \u00e0 frente inclui mesmo a\u00a0 responsabilidade criminal em que os respons\u00e1veis a\u00ed previstos tenham incorrido\u2026\u201d<\/em><\/p>\n<p>Naturalmente que, a par das responsabilidades do empregador, tamb\u00e9m os trabalhadores t\u00eam definidas na legisla\u00e7\u00e3o responsabilidades e direitos\u2026 Ser\u00e1 outro artigo\u2026<\/p>\n<p>N\u00e3o temos, pois, duvida sobre a responsabilidade das empresas.<\/p>\n<p>E podemos verificar mais em detalhe nas empresas com frota que responsabilidades t\u00eam:<\/p>\n<p><strong>Sobre a frota<\/strong>\u00a0\u2013 devem manter a frota em condi\u00e7\u00f5es de seguran\u00e7a, com aten\u00e7\u00e3o particular \u00e0 realiza\u00e7\u00e3o da manuten\u00e7\u00e3o preventiva, das verifica\u00e7\u00f5es regulares aconselhadas pela marca, as IPO\u2019s previstas na lei, as repara\u00e7\u00f5es de acidentes efetuadas com qualidade. Manter uma frota em condi\u00e7\u00f5es m\u00e9dias de idade e introduzir sempre que poss\u00edveis equipamentos adicionais de seguran\u00e7a. Os sistemas de telemetria s\u00e3o uma boa ajuda tamb\u00e9m.<\/p>\n<p><strong>Sobre os trabalhadores<\/strong>\u00a0\u2013 Promovendo a condu\u00e7\u00e3o defensiva, o controlo da sinistralidade, a reciclagem quando necess\u00e1ria. Uma aten\u00e7\u00e3o cuidada \u00e0s condi\u00e7\u00f5es necess\u00e1rias a uma condu\u00e7\u00e3o segura.<\/p>\n<p><strong>Sobre a organiza\u00e7\u00e3o do trabalho<\/strong>\u00a0\u2013 respeitando cuidadosamente a legisla\u00e7\u00e3o relativa a tempos m\u00e1ximos de condu\u00e7\u00e3o e tempos de descanso. Verificando regularmente a exist\u00eancia de anomalias no caso de viaturas equipadas com tac\u00f3grafo. Implementar uma politica de frota que defina com clareza as responsabilidades \u00e9 muito importante tamb\u00e9m!<\/p>\n<p><strong>CONCLUS\u00d5ES<\/strong><\/p>\n<p>Como tenho defendido, todos somos respons\u00e1veis pela seguran\u00e7a rodovi\u00e1ria\u2026<\/p>\n<p>Mas uma empresa que tem viaturas no tr\u00e2nsito, que tem trabalhadores a conduzirem muitas horas em condi\u00e7\u00f5es muitas vezes dif\u00edceis, tem uma responsabilidade acrescida pela seguran\u00e7a dos seus trabalhadores e de terceiros.<\/p>\n<p>E quando me refiro a empresas, estou tamb\u00e9m naturalmente a referir-me aos seus representantes em cada local de trabalho.<\/p>\n<p>Vivemos num per\u00edodo em que tudo \u00e9 escrutinado. Um acidente rodovi\u00e1rio, laboral ou apenas com danos materiais, \u00e9 analisado pelas autoridades competentes e pelas seguradoras.<\/p>\n<p>Qualquer falha detetada nos procedimentos da empresa pode originar as situa\u00e7\u00f5es previstas e anteriormente referidas de responsabiliza\u00e7\u00e3o do empregador, possibilitando eventualmente \u00e0s seguradoras a exclus\u00e3o do sinistro. Esta situa\u00e7\u00e3o \u00e9 frequente noutras geografias, mas posso afirmar, por experi\u00eancia pr\u00f3pria que j\u00e1 \u00e9 frequente em Portugal.<\/p>\n<p>Estas situa\u00e7\u00f5es traduzem-se em perda de credibilidade, preju\u00edzo para a imagem das empresas, al\u00e9m dos custos financeiros e outros que existam. N\u00e3o basta publicitar o respeito pela sustentabilidade, pela diversidade, etc\u2026. \u00c9 essencial ter uma pr\u00e1tica coerente em todos os aspetos!<\/p>\n<p>H\u00e1 um ditado portugu\u00eas que diz que \u00e9 melhor prevenir, que remediar.<\/p>\n<p><strong>As empresas t\u00eam certamente um papel importante na seguran\u00e7a rodovi\u00e1ria! E posso afirmar sem d\u00favida nenhuma que os ganhos s\u00e3o enormes! Os bons exemplos demonstram claramente esta conclus\u00e3o.<\/strong><\/p>\n<p>Jos\u00e9 Fernando Guilherme&#8221;<\/p>\n<p>Saiba mais: <a href=\"https:\/\/www.securitymagazine.pt\/2021\/05\/03\/seguranca-rodoviaria-as-empresas\/\" target=\"_blank\" rel=\"noopener\">https:\/\/www.securitymagazine.pt\/2021\/05\/03\/seguranca-rodoviaria-as-empresas\/<\/a><\/p>\n","protected":false},"excerpt":{"rendered":"<p>&#8220;Inicio agora uma s\u00e9rie de artigos em que analiso com mais aten\u00e7\u00e3o o papel de cada um dos utilizadores da&hellip;<\/p>\n","protected":false},"author":2,"featured_media":3286,"comment_status":"open","ping_status":"open","sticky":false,"template":"","format":"standard","meta":{"footnotes":""},"categories":[1,40],"tags":[],"acf":[],"yoast_head":"<!-- This site is optimized with the Yoast SEO plugin v21.5 - https:\/\/yoast.com\/wordpress\/plugins\/seo\/ -->\n<title>Seguran\u00e7a Rodovi\u00e1ria \u2013 As Empresas! - Segef - SEGURAN\u00c7A GEST\u00c3O E EFICI\u00caNCIA, SOCIEDADE UNIPESSOAL LDA<\/title>\n<meta name=\"robots\" content=\"index, follow, max-snippet:-1, max-image-preview:large, max-video-preview:-1\" \/>\n<link rel=\"canonical\" href=\"https:\/\/segef.pt\/en\/seguranca-rodoviaria-as-empresas\/\" \/>\n<meta property=\"og:locale\" content=\"en_US\" \/>\n<meta property=\"og:type\" content=\"article\" \/>\n<meta property=\"og:title\" content=\"Seguran\u00e7a Rodovi\u00e1ria \u2013 As Empresas! - Segef - SEGURAN\u00c7A GEST\u00c3O E EFICI\u00caNCIA, SOCIEDADE UNIPESSOAL LDA\" \/>\n<meta property=\"og:description\" content=\"&#8220;Inicio agora uma s\u00e9rie de artigos em que analiso com mais aten\u00e7\u00e3o o papel de cada um dos utilizadores da&hellip;\" \/>\n<meta property=\"og:url\" content=\"https:\/\/segef.pt\/en\/seguranca-rodoviaria-as-empresas\/\" \/>\n<meta property=\"og:site_name\" content=\"Segef - SEGURAN\u00c7A GEST\u00c3O E EFICI\u00caNCIA, SOCIEDADE UNIPESSOAL LDA\" \/>\n<meta property=\"article:published_time\" content=\"2023-10-02T16:09:21+00:00\" \/>\n<meta property=\"article:modified_time\" content=\"2023-10-02T17:58:32+00:00\" \/>\n<meta property=\"og:image\" content=\"https:\/\/segef.pt\/wp-content\/uploads\/2023\/10\/jfg3.jpg\" \/>\n\t<meta property=\"og:image:width\" content=\"1024\" \/>\n\t<meta property=\"og:image:height\" content=\"520\" \/>\n\t<meta property=\"og:image:type\" content=\"image\/jpeg\" \/>\n<meta name=\"author\" content=\"Jos\u00e9 Guilherme\" \/>\n<meta name=\"twitter:card\" content=\"summary_large_image\" \/>\n<meta name=\"twitter:label1\" content=\"Written by\" \/>\n\t<meta name=\"twitter:data1\" content=\"Jos\u00e9 Guilherme\" \/>\n\t<meta name=\"twitter:label2\" content=\"Est. reading time\" \/>\n\t<meta name=\"twitter:data2\" content=\"4 minutes\" \/>\n<script type=\"application\/ld+json\" class=\"yoast-schema-graph\">{\"@context\":\"https:\/\/schema.org\",\"@graph\":[{\"@type\":\"WebPage\",\"@id\":\"https:\/\/segef.pt\/en\/seguranca-rodoviaria-as-empresas\/\",\"url\":\"https:\/\/segef.pt\/en\/seguranca-rodoviaria-as-empresas\/\",\"name\":\"Seguran\u00e7a Rodovi\u00e1ria \u2013 As Empresas! - Segef - SEGURAN\u00c7A GEST\u00c3O E EFICI\u00caNCIA, SOCIEDADE UNIPESSOAL LDA\",\"isPartOf\":{\"@id\":\"https:\/\/segef.pt\/#website\"},\"datePublished\":\"2023-10-02T16:09:21+00:00\",\"dateModified\":\"2023-10-02T17:58:32+00:00\",\"author\":{\"@id\":\"https:\/\/segef.pt\/#\/schema\/person\/9a25f98a68d6de6fc804a42bd5fbaaad\"},\"breadcrumb\":{\"@id\":\"https:\/\/segef.pt\/en\/seguranca-rodoviaria-as-empresas\/#breadcrumb\"},\"inLanguage\":\"en-US\",\"potentialAction\":[{\"@type\":\"ReadAction\",\"target\":[\"https:\/\/segef.pt\/en\/seguranca-rodoviaria-as-empresas\/\"]}]},{\"@type\":\"BreadcrumbList\",\"@id\":\"https:\/\/segef.pt\/en\/seguranca-rodoviaria-as-empresas\/#breadcrumb\",\"itemListElement\":[{\"@type\":\"ListItem\",\"position\":1,\"name\":\"Home\",\"item\":\"https:\/\/segef.pt\/en\/\"},{\"@type\":\"ListItem\",\"position\":2,\"name\":\"Seguran\u00e7a Rodovi\u00e1ria \u2013 As Empresas!\"}]},{\"@type\":\"WebSite\",\"@id\":\"https:\/\/segef.pt\/#website\",\"url\":\"https:\/\/segef.pt\/\",\"name\":\"Segef - SEGURAN\u00c7A GEST\u00c3O E EFICI\u00caNCIA, SOCIEDADE UNIPESSOAL LDA\",\"description\":\"\",\"potentialAction\":[{\"@type\":\"SearchAction\",\"target\":{\"@type\":\"EntryPoint\",\"urlTemplate\":\"https:\/\/segef.pt\/?s={search_term_string}\"},\"query-input\":\"required name=search_term_string\"}],\"inLanguage\":\"en-US\"},{\"@type\":\"Person\",\"@id\":\"https:\/\/segef.pt\/#\/schema\/person\/9a25f98a68d6de6fc804a42bd5fbaaad\",\"name\":\"Jos\u00e9 Guilherme\",\"image\":{\"@type\":\"ImageObject\",\"inLanguage\":\"en-US\",\"@id\":\"https:\/\/segef.pt\/#\/schema\/person\/image\/\",\"url\":\"https:\/\/secure.gravatar.com\/avatar\/9016c1bf5b271611aa1f19007dd94553?s=96&d=mm&r=g\",\"contentUrl\":\"https:\/\/secure.gravatar.com\/avatar\/9016c1bf5b271611aa1f19007dd94553?s=96&d=mm&r=g\",\"caption\":\"Jos\u00e9 Guilherme\"},\"url\":\"https:\/\/segef.pt\/en\/author\/user\/\"}]}<\/script>\n<!-- \/ Yoast SEO plugin. -->","yoast_head_json":{"title":"Seguran\u00e7a Rodovi\u00e1ria \u2013 As Empresas! - Segef - SEGURAN\u00c7A GEST\u00c3O E EFICI\u00caNCIA, SOCIEDADE UNIPESSOAL LDA","robots":{"index":"index","follow":"follow","max-snippet":"max-snippet:-1","max-image-preview":"max-image-preview:large","max-video-preview":"max-video-preview:-1"},"canonical":"https:\/\/segef.pt\/en\/seguranca-rodoviaria-as-empresas\/","og_locale":"en_US","og_type":"article","og_title":"Seguran\u00e7a Rodovi\u00e1ria \u2013 As Empresas! - Segef - SEGURAN\u00c7A GEST\u00c3O E EFICI\u00caNCIA, SOCIEDADE UNIPESSOAL LDA","og_description":"&#8220;Inicio agora uma s\u00e9rie de artigos em que analiso com mais aten\u00e7\u00e3o o papel de cada um dos utilizadores da&hellip;","og_url":"https:\/\/segef.pt\/en\/seguranca-rodoviaria-as-empresas\/","og_site_name":"Segef - SEGURAN\u00c7A GEST\u00c3O E EFICI\u00caNCIA, SOCIEDADE UNIPESSOAL LDA","article_published_time":"2023-10-02T16:09:21+00:00","article_modified_time":"2023-10-02T17:58:32+00:00","og_image":[{"width":1024,"height":520,"url":"https:\/\/segef.pt\/wp-content\/uploads\/2023\/10\/jfg3.jpg","type":"image\/jpeg"}],"author":"Jos\u00e9 Guilherme","twitter_card":"summary_large_image","twitter_misc":{"Written by":"Jos\u00e9 Guilherme","Est. reading time":"4 minutes"},"schema":{"@context":"https:\/\/schema.org","@graph":[{"@type":"WebPage","@id":"https:\/\/segef.pt\/en\/seguranca-rodoviaria-as-empresas\/","url":"https:\/\/segef.pt\/en\/seguranca-rodoviaria-as-empresas\/","name":"Seguran\u00e7a Rodovi\u00e1ria \u2013 As Empresas! - Segef - SEGURAN\u00c7A GEST\u00c3O E EFICI\u00caNCIA, SOCIEDADE UNIPESSOAL LDA","isPartOf":{"@id":"https:\/\/segef.pt\/#website"},"datePublished":"2023-10-02T16:09:21+00:00","dateModified":"2023-10-02T17:58:32+00:00","author":{"@id":"https:\/\/segef.pt\/#\/schema\/person\/9a25f98a68d6de6fc804a42bd5fbaaad"},"breadcrumb":{"@id":"https:\/\/segef.pt\/en\/seguranca-rodoviaria-as-empresas\/#breadcrumb"},"inLanguage":"en-US","potentialAction":[{"@type":"ReadAction","target":["https:\/\/segef.pt\/en\/seguranca-rodoviaria-as-empresas\/"]}]},{"@type":"BreadcrumbList","@id":"https:\/\/segef.pt\/en\/seguranca-rodoviaria-as-empresas\/#breadcrumb","itemListElement":[{"@type":"ListItem","position":1,"name":"Home","item":"https:\/\/segef.pt\/en\/"},{"@type":"ListItem","position":2,"name":"Seguran\u00e7a Rodovi\u00e1ria \u2013 As Empresas!"}]},{"@type":"WebSite","@id":"https:\/\/segef.pt\/#website","url":"https:\/\/segef.pt\/","name":"Segef - SEGURAN\u00c7A GEST\u00c3O E EFICI\u00caNCIA, SOCIEDADE UNIPESSOAL LDA","description":"","potentialAction":[{"@type":"SearchAction","target":{"@type":"EntryPoint","urlTemplate":"https:\/\/segef.pt\/?s={search_term_string}"},"query-input":"required name=search_term_string"}],"inLanguage":"en-US"},{"@type":"Person","@id":"https:\/\/segef.pt\/#\/schema\/person\/9a25f98a68d6de6fc804a42bd5fbaaad","name":"Jos\u00e9 Guilherme","image":{"@type":"ImageObject","inLanguage":"en-US","@id":"https:\/\/segef.pt\/#\/schema\/person\/image\/","url":"https:\/\/secure.gravatar.com\/avatar\/9016c1bf5b271611aa1f19007dd94553?s=96&d=mm&r=g","contentUrl":"https:\/\/secure.gravatar.com\/avatar\/9016c1bf5b271611aa1f19007dd94553?s=96&d=mm&r=g","caption":"Jos\u00e9 Guilherme"},"url":"https:\/\/segef.pt\/en\/author\/user\/"}]}},"_links":{"self":[{"href":"https:\/\/segef.pt\/en\/wp-json\/wp\/v2\/posts\/3288"}],"collection":[{"href":"https:\/\/segef.pt\/en\/wp-json\/wp\/v2\/posts"}],"about":[{"href":"https:\/\/segef.pt\/en\/wp-json\/wp\/v2\/types\/post"}],"author":[{"embeddable":true,"href":"https:\/\/segef.pt\/en\/wp-json\/wp\/v2\/users\/2"}],"replies":[{"embeddable":true,"href":"https:\/\/segef.pt\/en\/wp-json\/wp\/v2\/comments?post=3288"}],"version-history":[{"count":1,"href":"https:\/\/segef.pt\/en\/wp-json\/wp\/v2\/posts\/3288\/revisions"}],"predecessor-version":[{"id":3341,"href":"https:\/\/segef.pt\/en\/wp-json\/wp\/v2\/posts\/3288\/revisions\/3341"}],"wp:featuredmedia":[{"embeddable":true,"href":"https:\/\/segef.pt\/en\/wp-json\/wp\/v2\/media\/3286"}],"wp:attachment":[{"href":"https:\/\/segef.pt\/en\/wp-json\/wp\/v2\/media?parent=3288"}],"wp:term":[{"taxonomy":"category","embeddable":true,"href":"https:\/\/segef.pt\/en\/wp-json\/wp\/v2\/categories?post=3288"},{"taxonomy":"post_tag","embeddable":true,"href":"https:\/\/segef.pt\/en\/wp-json\/wp\/v2\/tags?post=3288"}],"curies":[{"name":"wp","href":"https:\/\/api.w.org\/{rel}","templated":true}]}}